{"id":78382,"date":"2021-06-29T16:25:50","date_gmt":"2021-06-29T19:25:50","guid":{"rendered":"https:\/\/tvtecjundiai.com.br\/news\/?p=78382"},"modified":"2021-06-29T16:25:52","modified_gmt":"2021-06-29T19:25:52","slug":"associacao-doa-cobertores-novos-para-a-campanha-de-inverno-de-jundiai","status":"publish","type":"post","link":"https:\/\/tvtecjundiai.com.br\/news\/2021\/06\/29\/associacao-doa-cobertores-novos-para-a-campanha-de-inverno-de-jundiai\/","title":{"rendered":"Associa\u00e7\u00e3o doa cobertores novos para a Campanha de Inverno de Jundia\u00ed"},"content":{"rendered":"\n<p>Pensando em aquecer os dias frios de quem enfrenta dificuldade, a Associa\u00e7\u00e3o dos Comerciantes de Materiais de Constru\u00e7\u00e3o de Jundia\u00ed e Regi\u00e3o (ACOMAC) mobilizou seus associados na arrecada\u00e7\u00e3o de cobertores novos para a Campanha de Inverno do Fundo Social de Solidariedade de Jundia\u00ed (Funss). A entrega da doa\u00e7\u00e3o foi oficializada pelo presidente da institui\u00e7\u00e3o, Carlos Eduardo F\u00e1varo.<\/p>\n\n\n\n<p>\u201cCostumamos mobilizar nossos associados e as empresas parceiras do ramo da constru\u00e7\u00e3o civil porque acreditamos que ajudar o pr\u00f3ximo faz parte do nosso papel social. Estamos felizes com o resultado e, principalmente, com a oportunidade de colaborar\u201d, afirmou ele.<\/p>\n\n\n\n<figure class=\"wp-block-image size-large\"><img loading=\"lazy\" decoding=\"async\" width=\"1200\" height=\"800\" src=\"https:\/\/tvtecjundiai.com.br\/news\/wp-content\/uploads\/sites\/2\/2021\/06\/funss_acomac-1200x800.jpg\" alt=\"\" class=\"wp-image-78383\" srcset=\"https:\/\/tvtecjundiai.com.br\/news\/wp-content\/uploads\/sites\/2\/2021\/06\/funss_acomac-1200x800.jpg 1200w, https:\/\/tvtecjundiai.com.br\/news\/wp-content\/uploads\/sites\/2\/2021\/06\/funss_acomac-300x200.jpg 300w, https:\/\/tvtecjundiai.com.br\/news\/wp-content\/uploads\/sites\/2\/2021\/06\/funss_acomac-768x512.jpg 768w, https:\/\/tvtecjundiai.com.br\/news\/wp-content\/uploads\/sites\/2\/2021\/06\/funss_acomac.jpg 1280w\" sizes=\"auto, (max-width: 1200px) 100vw, 1200px\" \/><figcaption>Cobertores novos ser\u00e3o direcionados aos atendimentos da Campanha de Inverno de Jundia\u00ed<\/figcaption><\/figure>\n\n\n\n<p>Esta n\u00e3o \u00e9 a primeira vez que a ACOMAC contribui com o trabalho desenvolvido pelo Fundo Social de Solidariedade (Funss). \u201cA entidade \u00e9 parceira e amiga do Funss, h\u00e1 anos, em diferentes a\u00e7\u00f5es. Esta uni\u00e3o \u00e9 muito importante porque refor\u00e7a o trabalho desenvolvido em benef\u00edcio das pessoas em vulnerabilidade\u201d, destacou Francine Picardi, diretora do Funss, representando a primeira-dama e presidente do Fundo Social, Vanessa Machado.<\/p>\n\n\n\n<p>A Campanha de Inverno de Jundia\u00ed tem por objetivo arrecadar roupas, cal\u00e7ados, mantas, cobertores e outros itens capazes de aquecer, como toucas e cachec\u00f3is. Os itens podem ser novos ou usados, em bom estado de conserva\u00e7\u00e3o. As doa\u00e7\u00f5es podem ser feitas no Fundo Social de Solidariedade, que \u00e9 ponto permanente de arrecada\u00e7\u00e3o, no munic\u00edpio. O acesso \u00e9 pela avenida Dona Manoela Lacerda de Vergueiro, s\/n, port\u00e3o 03, bairro Anhangaba\u00fa. O funcionamento da unidade \u00e9 de segunda a sexta-feira, das 8h \u00e0s 17h, exceto feriados.<\/p>\n\n\n\n<p>Al\u00e9m disso, a Campanha tamb\u00e9m conta com diversos postos de coleta, distribu\u00eddos por toda a cidade. Participam, neste ano, condom\u00ednios residenciais e empresariais, com\u00e9rcio em geral, shoppings e \u00f3rg\u00e3os p\u00fablicos, entre outros. Os endere\u00e7os dos locais participantes est\u00e3o dispon\u00edveis no site:\u00a0<a href=\"https:\/\/jundiai.sp.gov.br\/campanhadeinvernojundiai\/\">https:\/\/jundiai.sp.gov.br\/campanhadeinvernojundiai\/<\/a>.<\/p>\n\n\n\n<p><em>(Texto\/Imagem: Prefeitura de Jundia\u00ed)<\/em><\/p>\n","protected":false},"excerpt":{"rendered":"<p>Associa\u00e7\u00e3o dos Comerciantes de Materiais de Constru\u00e7\u00e3o de Jundia\u00ed e Regi\u00e3o mobilizou associados <\/p>\n","protected":false},"author":28,"featured_media":78383,"comment_status":"closed","ping_status":"closed","sticky":false,"template":"","format":"standard","meta":{"footnotes":""},"categories":[8356,1],"tags":[],"class_list":["post-78382","post","type-post","status-publish","format-standard","has-post-thumbnail","hentry","category-jundiai","category-noticias"],"_links":{"self":[{"href":"https:\/\/tvtecjundiai.com.br\/news\/wp-json\/wp\/v2\/posts\/78382","targetHints":{"allow":["GET"]}}],"collection":[{"href":"https:\/\/tvtecjundiai.com.br\/news\/wp-json\/wp\/v2\/posts"}],"about":[{"href":"https:\/\/tvtecjundiai.com.br\/news\/wp-json\/wp\/v2\/types\/post"}],"author":[{"embeddable":true,"href":"https:\/\/tvtecjundiai.com.br\/news\/wp-json\/wp\/v2\/users\/28"}],"replies":[{"embeddable":true,"href":"https:\/\/tvtecjundiai.com.br\/news\/wp-json\/wp\/v2\/comments?post=78382"}],"version-history":[{"count":1,"href":"https:\/\/tvtecjundiai.com.br\/news\/wp-json\/wp\/v2\/posts\/78382\/revisions"}],"predecessor-version":[{"id":78384,"href":"https:\/\/tvtecjundiai.com.br\/news\/wp-json\/wp\/v2\/posts\/78382\/revisions\/78384"}],"wp:featuredmedia":[{"embeddable":true,"href":"https:\/\/tvtecjundiai.com.br\/news\/wp-json\/wp\/v2\/media\/78383"}],"wp:attachment":[{"href":"https:\/\/tvtecjundiai.com.br\/news\/wp-json\/wp\/v2\/media?parent=78382"}],"wp:term":[{"taxonomy":"category","embeddable":true,"href":"https:\/\/tvtecjundiai.com.br\/news\/wp-json\/wp\/v2\/categories?post=78382"},{"taxonomy":"post_tag","embeddable":true,"href":"https:\/\/tvtecjundiai.com.br\/news\/wp-json\/wp\/v2\/tags?post=78382"}],"curies":[{"name":"wp","href":"https:\/\/api.w.org\/{rel}","templated":true}]}}