{"id":78385,"date":"2021-06-29T16:31:50","date_gmt":"2021-06-29T19:31:50","guid":{"rendered":"https:\/\/tvtecjundiai.com.br\/news\/?p=78385"},"modified":"2021-06-29T16:45:47","modified_gmt":"2021-06-29T19:45:47","slug":"homem-de-28-anos-sem-comorbidades-e-uma-das-vitimas-da-covid-19-em-jundiai-1","status":"publish","type":"post","link":"https:\/\/tvtecjundiai.com.br\/news\/2021\/06\/29\/homem-de-28-anos-sem-comorbidades-e-uma-das-vitimas-da-covid-19-em-jundiai-1\/","title":{"rendered":"Homem de 28 anos, sem comorbidades, \u00e9 uma das v\u00edtimas da COVID-19 em Jundia\u00ed nesta ter\u00e7a (29)"},"content":{"rendered":"\n<p>A Prefeitura de Jundia\u00ed informa que, nesta ter\u00e7a-feira (29), sete \u00f3bitos foram contabilizados de residentes na cidade causados pelo Novo Coronav\u00edrus.<\/p>\n\n\n\n<p>Homem, 28 anos, sem comorbidades registradas. Faleceu 03\/06 em outro munic\u00edpio.<\/p>\n\n\n\n<p>Homem, 57 anos, portador de doen\u00e7a cardiovascular cr\u00f4nica e diabetes. Internou 03\/06 e faleceu 28\/06 no hospital S\u00e3o Vicente.<\/p>\n\n\n\n<p>Mulher, 59 anos, portadora de doen\u00e7a cardiovascular cr\u00f4nica. Internou 17\/06 e faleceu 29\/06 no hospital S\u00e3o Vicente.<\/p>\n\n\n\n<p>Homem, 67 anos, sem comorbidades registradas. Faleceu 27\/06 na resid\u00eancia.<\/p>\n\n\n\n<p>Homem, 39 anos, sem comorbidades registradas. Faleceu 06\/04 (abril) em outro munic\u00edpio.<\/p>\n\n\n\n<p>Homem, 52 anos, sem comorbidades registradas. Internou e faleceu 20\/06 no hospital S\u00e3o Vicente.<\/p>\n\n\n\n<p>Mulher, 79 anos, portadora de doen\u00e7a cardiovascular cr\u00f4nica. Internou 21\/06 e faleceu 28\/06 no hospital S\u00e3o Vicente.<\/p>\n\n\n\n<p>At\u00e9 o momento, a cidade registra 1394 \u00f3bitos causados pela COVID-19 desde o in\u00edcio da pandemia.<\/p>\n\n\n\n<figure class=\"wp-block-image size-large\"><img loading=\"lazy\" decoding=\"async\" width=\"960\" height=\"960\" src=\"https:\/\/tvtecjundiai.com.br\/news\/wp-content\/uploads\/sites\/2\/2021\/06\/WhatsApp-Image-2021-06-29-at-16.43.48-960x960.jpeg\" alt=\"\" class=\"wp-image-78394\" srcset=\"https:\/\/tvtecjundiai.com.br\/news\/wp-content\/uploads\/sites\/2\/2021\/06\/WhatsApp-Image-2021-06-29-at-16.43.48-960x960.jpeg 960w, https:\/\/tvtecjundiai.com.br\/news\/wp-content\/uploads\/sites\/2\/2021\/06\/WhatsApp-Image-2021-06-29-at-16.43.48-300x300.jpeg 300w, https:\/\/tvtecjundiai.com.br\/news\/wp-content\/uploads\/sites\/2\/2021\/06\/WhatsApp-Image-2021-06-29-at-16.43.48-100x100.jpeg 100w, https:\/\/tvtecjundiai.com.br\/news\/wp-content\/uploads\/sites\/2\/2021\/06\/WhatsApp-Image-2021-06-29-at-16.43.48-768x768.jpeg 768w, https:\/\/tvtecjundiai.com.br\/news\/wp-content\/uploads\/sites\/2\/2021\/06\/WhatsApp-Image-2021-06-29-at-16.43.48.jpeg 1280w\" sizes=\"auto, (max-width: 960px) 100vw, 960px\" \/><\/figure>\n\n\n\n<figure class=\"wp-block-image size-large\"><img loading=\"lazy\" decoding=\"async\" width=\"960\" height=\"960\" src=\"https:\/\/tvtecjundiai.com.br\/news\/wp-content\/uploads\/sites\/2\/2021\/06\/WhatsApp-Image-2021-06-29-at-16.43.47-960x960.jpeg\" alt=\"\" class=\"wp-image-78396\" srcset=\"https:\/\/tvtecjundiai.com.br\/news\/wp-content\/uploads\/sites\/2\/2021\/06\/WhatsApp-Image-2021-06-29-at-16.43.47-960x960.jpeg 960w, https:\/\/tvtecjundiai.com.br\/news\/wp-content\/uploads\/sites\/2\/2021\/06\/WhatsApp-Image-2021-06-29-at-16.43.47-300x300.jpeg 300w, https:\/\/tvtecjundiai.com.br\/news\/wp-content\/uploads\/sites\/2\/2021\/06\/WhatsApp-Image-2021-06-29-at-16.43.47-100x100.jpeg 100w, https:\/\/tvtecjundiai.com.br\/news\/wp-content\/uploads\/sites\/2\/2021\/06\/WhatsApp-Image-2021-06-29-at-16.43.47-768x768.jpeg 768w, https:\/\/tvtecjundiai.com.br\/news\/wp-content\/uploads\/sites\/2\/2021\/06\/WhatsApp-Image-2021-06-29-at-16.43.47.jpeg 1280w\" sizes=\"auto, (max-width: 960px) 100vw, 960px\" \/><\/figure>\n\n\n\n<p><em>(Texto\/Imagem: Prefeitura de Jundia\u00ed)<\/em><\/p>\n","protected":false},"excerpt":{"rendered":"<p>Sete \u00f3bitos pelo Novo Coronav\u00edrus tamb\u00e9m foram contabilizados na cidade<\/p>\n","protected":false},"author":28,"featured_media":73244,"comment_status":"closed","ping_status":"closed","sticky":false,"template":"","format":"standard","meta":{"footnotes":""},"categories":[8356,1],"tags":[],"class_list":["post-78385","post","type-post","status-publish","format-standard","has-post-thumbnail","hentry","category-jundiai","category-noticias"],"_links":{"self":[{"href":"https:\/\/tvtecjundiai.com.br\/news\/wp-json\/wp\/v2\/posts\/78385","targetHints":{"allow":["GET"]}}],"collection":[{"href":"https:\/\/tvtecjundiai.com.br\/news\/wp-json\/wp\/v2\/posts"}],"about":[{"href":"https:\/\/tvtecjundiai.com.br\/news\/wp-json\/wp\/v2\/types\/post"}],"author":[{"embeddable":true,"href":"https:\/\/tvtecjundiai.com.br\/news\/wp-json\/wp\/v2\/users\/28"}],"replies":[{"embeddable":true,"href":"https:\/\/tvtecjundiai.com.br\/news\/wp-json\/wp\/v2\/comments?post=78385"}],"version-history":[{"count":5,"href":"https:\/\/tvtecjundiai.com.br\/news\/wp-json\/wp\/v2\/posts\/78385\/revisions"}],"predecessor-version":[{"id":78397,"href":"https:\/\/tvtecjundiai.com.br\/news\/wp-json\/wp\/v2\/posts\/78385\/revisions\/78397"}],"wp:featuredmedia":[{"embeddable":true,"href":"https:\/\/tvtecjundiai.com.br\/news\/wp-json\/wp\/v2\/media\/73244"}],"wp:attachment":[{"href":"https:\/\/tvtecjundiai.com.br\/news\/wp-json\/wp\/v2\/media?parent=78385"}],"wp:term":[{"taxonomy":"category","embeddable":true,"href":"https:\/\/tvtecjundiai.com.br\/news\/wp-json\/wp\/v2\/categories?post=78385"},{"taxonomy":"post_tag","embeddable":true,"href":"https:\/\/tvtecjundiai.com.br\/news\/wp-json\/wp\/v2\/tags?post=78385"}],"curies":[{"name":"wp","href":"https:\/\/api.w.org\/{rel}","templated":true}]}}