{"id":78402,"date":"2021-06-29T18:36:16","date_gmt":"2021-06-29T21:36:16","guid":{"rendered":"https:\/\/tvtecjundiai.com.br\/news\/?p=78402"},"modified":"2021-06-29T18:37:30","modified_gmt":"2021-06-29T21:37:30","slug":"jundiai-vai-receber-mais-5-890-doses-de-vacinas-contra-a-covid-19-nesta-quarta-feira-30","status":"publish","type":"post","link":"https:\/\/tvtecjundiai.com.br\/news\/2021\/06\/29\/jundiai-vai-receber-mais-5-890-doses-de-vacinas-contra-a-covid-19-nesta-quarta-feira-30\/","title":{"rendered":"Jundia\u00ed vai receber mais 5.890 doses de vacinas contra a COVID-19 nesta quarta-feira (30)"},"content":{"rendered":"\n<p>Em entrevista ao Boletim TVTEC desta ter\u00e7a-feira (29), a Gestora Adjunta de Sa\u00fade da Prefeitura de Jundia\u00ed, Dayane Martins, anunciou que a cidade deve receber mais 5.890 doses de vacinas contra a COVID-19, nesta quarta-feira (30).<\/p>\n\n\n\n<p>As doses vir\u00e3o do laborat\u00f3rio AstraZeneca. A gestora informou que nesta quarta-feira (30) tamb\u00e9m dever\u00e1 ocorrer a abertura de uma nova agenda, com informa\u00e7\u00f5es sobre as faixas et\u00e1rias a serem vacinadas.<\/p>\n\n\n\n<p>A gestora tamb\u00e9m lembrou para que a popula\u00e7\u00e3o n\u00e3o escolha qual vacina tomar e, sim, tome a vacina dispon\u00edvel para a sua vez. &#8220;Se n\u00e3o a gente acaba tentando escolher a vacina e quem vai nos escolher \u00e9 o v\u00edrus&#8221;, alertou a gestora.<\/p>\n\n\n\n<p>Segundo a gestora, a m\u00e9dia de casos confirmados por COVID-19 por dia em Jundia\u00ed \u00e9 de 150 pessoas.<\/p>\n\n\n\n<p><em>(Texto\/Imagem: TVTEC)<\/em><\/p>\n\n\n\n<figure class=\"wp-block-embed is-type-video is-provider-youtube wp-block-embed-youtube wp-embed-aspect-16-9 wp-has-aspect-ratio\"><div class=\"wp-block-embed__wrapper\">\n<iframe loading=\"lazy\" title=\"BOLETIM TVTEC #409\" width=\"500\" height=\"281\" src=\"https:\/\/www.youtube.com\/embed\/rZKMD-TlKao?feature=oembed\" frameborder=\"0\" allow=\"accelerometer; autoplay; clipboard-write; encrypted-media; gyroscope; picture-in-picture; web-share\" referrerpolicy=\"strict-origin-when-cross-origin\" allowfullscreen><\/iframe>\n<\/div><\/figure>\n","protected":false},"excerpt":{"rendered":"<p>Nesta quarta-feira tamb\u00e9m dever\u00e1 abrir novo agendamento na cidade<\/p>\n","protected":false},"author":28,"featured_media":72051,"comment_status":"closed","ping_status":"closed","sticky":false,"template":"","format":"standard","meta":{"footnotes":""},"categories":[8356,1],"tags":[],"class_list":["post-78402","post","type-post","status-publish","format-standard","has-post-thumbnail","hentry","category-jundiai","category-noticias"],"_links":{"self":[{"href":"https:\/\/tvtecjundiai.com.br\/news\/wp-json\/wp\/v2\/posts\/78402","targetHints":{"allow":["GET"]}}],"collection":[{"href":"https:\/\/tvtecjundiai.com.br\/news\/wp-json\/wp\/v2\/posts"}],"about":[{"href":"https:\/\/tvtecjundiai.com.br\/news\/wp-json\/wp\/v2\/types\/post"}],"author":[{"embeddable":true,"href":"https:\/\/tvtecjundiai.com.br\/news\/wp-json\/wp\/v2\/users\/28"}],"replies":[{"embeddable":true,"href":"https:\/\/tvtecjundiai.com.br\/news\/wp-json\/wp\/v2\/comments?post=78402"}],"version-history":[{"count":2,"href":"https:\/\/tvtecjundiai.com.br\/news\/wp-json\/wp\/v2\/posts\/78402\/revisions"}],"predecessor-version":[{"id":78404,"href":"https:\/\/tvtecjundiai.com.br\/news\/wp-json\/wp\/v2\/posts\/78402\/revisions\/78404"}],"wp:featuredmedia":[{"embeddable":true,"href":"https:\/\/tvtecjundiai.com.br\/news\/wp-json\/wp\/v2\/media\/72051"}],"wp:attachment":[{"href":"https:\/\/tvtecjundiai.com.br\/news\/wp-json\/wp\/v2\/media?parent=78402"}],"wp:term":[{"taxonomy":"category","embeddable":true,"href":"https:\/\/tvtecjundiai.com.br\/news\/wp-json\/wp\/v2\/categories?post=78402"},{"taxonomy":"post_tag","embeddable":true,"href":"https:\/\/tvtecjundiai.com.br\/news\/wp-json\/wp\/v2\/tags?post=78402"}],"curies":[{"name":"wp","href":"https:\/\/api.w.org\/{rel}","templated":true}]}}