{"id":78419,"date":"2021-06-30T13:17:38","date_gmt":"2021-06-30T16:17:38","guid":{"rendered":"https:\/\/tvtecjundiai.com.br\/news\/?p=78419"},"modified":"2021-06-30T14:43:36","modified_gmt":"2021-06-30T17:43:36","slug":"criancas-da-emeb-fernanda-de-favre-participam-de-atividades-ao-ar-livre-1","status":"publish","type":"post","link":"https:\/\/tvtecjundiai.com.br\/news\/2021\/06\/30\/criancas-da-emeb-fernanda-de-favre-participam-de-atividades-ao-ar-livre-1\/","title":{"rendered":"Crian\u00e7as da EMEB Fernanda de Favre participam de &#8216;Viv\u00eancia da Ro\u00e7a&#8217;"},"content":{"rendered":"\n<p>Comer milho cozido e batata assada cozidos direto na fogueira, tomar ch\u00e1 do fog\u00e3o a lenha, ouvir m\u00fasicas direto do viol\u00e3o e estar em um ambiente com decora\u00e7\u00e3o t\u00edpica junina foi a proposta do evento \u201cI Viv\u00eancia da Ro\u00e7a\u201d, realizada aos alunos da Escola Inovadora EMEB Fernanda de Favre.&nbsp;<\/p>\n\n\n\n<p>Os alunos com idade 4 meses e 3 anos aproveitaram a atividade e se divertiram com os amiguinhos e equipe educadora. A atividade seguiu todos os protocolos de seguran\u00e7a sanit\u00e1ria e foi dividida em dois dias, para que as crian\u00e7as que est\u00e3o no sistema h\u00edbrido, em escalonamento, pudessem participar.&nbsp;<\/p>\n\n\n\n<figure class=\"wp-block-image size-large\"><img loading=\"lazy\" decoding=\"async\" width=\"1200\" height=\"800\" src=\"https:\/\/tvtecjundiai.com.br\/news\/wp-content\/uploads\/sites\/2\/2021\/06\/vivencia_roca_fernanda-de-favre-3-1-1200x800.jpg\" alt=\"\" class=\"wp-image-78420\" srcset=\"https:\/\/tvtecjundiai.com.br\/news\/wp-content\/uploads\/sites\/2\/2021\/06\/vivencia_roca_fernanda-de-favre-3-1-1200x800.jpg 1200w, https:\/\/tvtecjundiai.com.br\/news\/wp-content\/uploads\/sites\/2\/2021\/06\/vivencia_roca_fernanda-de-favre-3-1-300x200.jpg 300w, https:\/\/tvtecjundiai.com.br\/news\/wp-content\/uploads\/sites\/2\/2021\/06\/vivencia_roca_fernanda-de-favre-3-1-768x512.jpg 768w, https:\/\/tvtecjundiai.com.br\/news\/wp-content\/uploads\/sites\/2\/2021\/06\/vivencia_roca_fernanda-de-favre-3-1.jpg 1280w\" sizes=\"auto, (max-width: 1200px) 100vw, 1200px\" \/><figcaption>Crian\u00e7as tiveram a experi\u00eancia das comidas e tradi\u00e7\u00f5es do campo e da \u00e9poca<\/figcaption><\/figure>\n\n\n\n<p>Dentro da \u00f3tica do desemparedamento, o objetivo foi promover uma atividade na qual as crian\u00e7as utilizassem os espa\u00e7os externos, a natureza e ao mesmo tempo aliar a cultura popular.&nbsp; \u201cQuisemos trazer as viv\u00eancias para que elas experimentassem as comidas e tradi\u00e7\u00f5es do campo e da \u00e9poca. Trouxemos a cultura para que as crian\u00e7as vivenciassem esse universo de aromas e sabores, que aprendessem por meio de experi\u00eancias diversas e significativas\u201d, explica a supervisora escolar, Maria Aparecida Rigonato.&nbsp;<\/p>\n\n\n\n<p>A gestora de Educa\u00e7\u00e3o Vast\u00ed Ferrari Marques comenta que a experimenta\u00e7\u00e3o e explora\u00e7\u00e3o s\u00e3o&nbsp; de grande import\u00e2ncia no processo de aprendizagem das crian\u00e7as. \u201cAo vivenciar uma experi\u00eancia, a crian\u00e7a vai levar aquela mem\u00f3ria pela vida e as atividades de desemparedamento proporcionam a explora\u00e7\u00e3o, a pesquisa e a viv\u00eancia, al\u00e9m do contato com a natureza, que \u00e9 t\u00e3o importante para os nossos meninos e meninas. A experi\u00eancia que passa pelo corpo n\u00e3o se esquece jamais\u201d, afirma.&nbsp;<\/p>\n\n\n\n<figure class=\"wp-block-image size-large\"><img loading=\"lazy\" decoding=\"async\" width=\"1200\" height=\"800\" src=\"https:\/\/tvtecjundiai.com.br\/news\/wp-content\/uploads\/sites\/2\/2021\/06\/vivencia_roca_fernanda-de-favre-4-1200x800.jpg\" alt=\"\" class=\"wp-image-78421\" srcset=\"https:\/\/tvtecjundiai.com.br\/news\/wp-content\/uploads\/sites\/2\/2021\/06\/vivencia_roca_fernanda-de-favre-4-1200x800.jpg 1200w, https:\/\/tvtecjundiai.com.br\/news\/wp-content\/uploads\/sites\/2\/2021\/06\/vivencia_roca_fernanda-de-favre-4-300x200.jpg 300w, https:\/\/tvtecjundiai.com.br\/news\/wp-content\/uploads\/sites\/2\/2021\/06\/vivencia_roca_fernanda-de-favre-4-768x512.jpg 768w, https:\/\/tvtecjundiai.com.br\/news\/wp-content\/uploads\/sites\/2\/2021\/06\/vivencia_roca_fernanda-de-favre-4.jpg 1280w\" sizes=\"auto, (max-width: 1200px) 100vw, 1200px\" \/><figcaption>Espa\u00e7o foi montado para a viv\u00eancia das crian\u00e7as<\/figcaption><\/figure>\n\n\n\n<p><em>(Texto\/Imagem: Prefeitura de Jundia\u00ed)<\/em><\/p>\n","protected":false},"excerpt":{"rendered":"<p>Comer milho cozido, tomar ch\u00e1 do fog\u00e3o a lenha e ouvir m\u00fasicas direto do viol\u00e3o foram algumas das experi\u00eancias<\/p>\n","protected":false},"author":28,"featured_media":78420,"comment_status":"closed","ping_status":"closed","sticky":false,"template":"","format":"standard","meta":{"footnotes":""},"categories":[8356,1],"tags":[],"class_list":["post-78419","post","type-post","status-publish","format-standard","has-post-thumbnail","hentry","category-jundiai","category-noticias"],"_links":{"self":[{"href":"https:\/\/tvtecjundiai.com.br\/news\/wp-json\/wp\/v2\/posts\/78419","targetHints":{"allow":["GET"]}}],"collection":[{"href":"https:\/\/tvtecjundiai.com.br\/news\/wp-json\/wp\/v2\/posts"}],"about":[{"href":"https:\/\/tvtecjundiai.com.br\/news\/wp-json\/wp\/v2\/types\/post"}],"author":[{"embeddable":true,"href":"https:\/\/tvtecjundiai.com.br\/news\/wp-json\/wp\/v2\/users\/28"}],"replies":[{"embeddable":true,"href":"https:\/\/tvtecjundiai.com.br\/news\/wp-json\/wp\/v2\/comments?post=78419"}],"version-history":[{"count":2,"href":"https:\/\/tvtecjundiai.com.br\/news\/wp-json\/wp\/v2\/posts\/78419\/revisions"}],"predecessor-version":[{"id":78434,"href":"https:\/\/tvtecjundiai.com.br\/news\/wp-json\/wp\/v2\/posts\/78419\/revisions\/78434"}],"wp:featuredmedia":[{"embeddable":true,"href":"https:\/\/tvtecjundiai.com.br\/news\/wp-json\/wp\/v2\/media\/78420"}],"wp:attachment":[{"href":"https:\/\/tvtecjundiai.com.br\/news\/wp-json\/wp\/v2\/media?parent=78419"}],"wp:term":[{"taxonomy":"category","embeddable":true,"href":"https:\/\/tvtecjundiai.com.br\/news\/wp-json\/wp\/v2\/categories?post=78419"},{"taxonomy":"post_tag","embeddable":true,"href":"https:\/\/tvtecjundiai.com.br\/news\/wp-json\/wp\/v2\/tags?post=78419"}],"curies":[{"name":"wp","href":"https:\/\/api.w.org\/{rel}","templated":true}]}}