{"id":78424,"date":"2021-06-30T13:23:34","date_gmt":"2021-06-30T16:23:34","guid":{"rendered":"https:\/\/tvtecjundiai.com.br\/news\/?p=78424"},"modified":"2021-06-30T15:21:01","modified_gmt":"2021-06-30T18:21:01","slug":"jundiai-registra-menor-temperatura-do-ano-na-madrugada-desta-quarta-feira-30-com-46o","status":"publish","type":"post","link":"https:\/\/tvtecjundiai.com.br\/news\/2021\/06\/30\/jundiai-registra-menor-temperatura-do-ano-na-madrugada-desta-quarta-feira-30-com-46o\/","title":{"rendered":"Jundia\u00ed registra menor temperatura do ano na madrugada desta quarta-feira (30) com 4,6\u00baC"},"content":{"rendered":"\n<p>A Defesa Civil de Jundia\u00ed informa que devido o avan\u00e7o de uma massa de ar polar, na madrugada de hoje (30), foi registrada a temperatura mais baixa do ano, atingindo 4,6 \u00b0C \u00e0s 6h, conforme previsto no Aviso de Risco Meteorol\u00f3gico, divulgado pela Defesa Civil na \u00faltima segunda-feira (28).<\/p>\n\n\n\n<p>Orienta\u00e7\u00f5es para reduzir o impacto do frio na sa\u00fade:<\/p>\n\n\n\n<ul class=\"wp-block-list\"><li>Utilizar roupas e agasalhos adequados para prote\u00e7\u00e3o de ambientes ao ar livre e salas frias;<\/li><li>Banhos devem ser r\u00e1pidos e em temperaturas amenas;<\/li><li>Manter a hidrata\u00e7\u00e3o do corpo;<\/li><li>Evitar o uso de fogo para aquecer ambientes;<\/li><li>Aten\u00e7\u00e3o com o uso de equipamentos el\u00e9tricos que aquecem o ambiente evitando acidentes dom\u00e9sticos e inc\u00eandios;<\/li><li>Aten\u00e7\u00e3o com os animais dom\u00e9sticos que tamb\u00e9m necessitam de cuidados para mant\u00ea-los aquecidos;<\/li><\/ul>\n\n\n\n<p>Em ocorr\u00eancia de neblina, o motorista deve redobrar a aten\u00e7\u00e3o, manter uma dist\u00e2ncia segura do ve\u00edculo da frente, e trafegar em velocidade reduzida.<\/p>\n\n\n\n<figure class=\"wp-block-image size-large\"><img loading=\"lazy\" decoding=\"async\" width=\"1200\" height=\"800\" src=\"https:\/\/tvtecjundiai.com.br\/news\/wp-content\/uploads\/sites\/2\/2021\/06\/tempo_frio_jundiai-1200x800.jpg\" alt=\"\" class=\"wp-image-78425\" srcset=\"https:\/\/tvtecjundiai.com.br\/news\/wp-content\/uploads\/sites\/2\/2021\/06\/tempo_frio_jundiai-1200x800.jpg 1200w, https:\/\/tvtecjundiai.com.br\/news\/wp-content\/uploads\/sites\/2\/2021\/06\/tempo_frio_jundiai-300x200.jpg 300w, https:\/\/tvtecjundiai.com.br\/news\/wp-content\/uploads\/sites\/2\/2021\/06\/tempo_frio_jundiai-768x512.jpg 768w, https:\/\/tvtecjundiai.com.br\/news\/wp-content\/uploads\/sites\/2\/2021\/06\/tempo_frio_jundiai.jpg 1280w\" sizes=\"auto, (max-width: 1200px) 100vw, 1200px\" \/><figcaption>Temperaturas baixas devem persistir nos pr\u00f3ximos dias<\/figcaption><\/figure>\n\n\n\n<p><strong>Previs\u00e3o do tempo<br><\/strong>Nesta quarta-feira (30) e quinta-feira (01), as temperaturas caem, principalmente entre a madrugada e in\u00edcio da manh\u00e3, quando h\u00e1 condi\u00e7\u00e3o de geada ao longo da divisa com o Paran\u00e1, centro, oeste paulista e Serra da Mantiqueira. Na maior parte do Estado as temperaturas previstas ficar\u00e3o abaixo dos 10\u00b0C. Na sexta-feira (02) e s\u00e1bado (03), o frio ainda continua, por\u00e9m ele come\u00e7a a perder intensidade. Durante a tarde, n\u00e3o h\u00e1 condi\u00e7\u00e3o de chuva e a umidade relativa do ar volta a cair no oeste paulista. No domingo (04), os ventos voltam a soprar do oceano aumentando a nebulosidade e impedindo o avan\u00e7o das temperaturas ao longo do dia nas regi\u00f5es pr\u00f3ximas ao litoral.<\/p>\n\n\n\n<p><em>(Texto\/Imagem: Prefeitura de Jundia\u00ed)<\/em><\/p>\n","protected":false},"excerpt":{"rendered":"<p>Defesa Civil faz orienta\u00e7\u00f5es para reduzir o impacto do frio na sa\u00fade<\/p>\n","protected":false},"author":28,"featured_media":78425,"comment_status":"closed","ping_status":"closed","sticky":false,"template":"","format":"standard","meta":{"footnotes":""},"categories":[8356,1],"tags":[],"class_list":["post-78424","post","type-post","status-publish","format-standard","has-post-thumbnail","hentry","category-jundiai","category-noticias"],"_links":{"self":[{"href":"https:\/\/tvtecjundiai.com.br\/news\/wp-json\/wp\/v2\/posts\/78424","targetHints":{"allow":["GET"]}}],"collection":[{"href":"https:\/\/tvtecjundiai.com.br\/news\/wp-json\/wp\/v2\/posts"}],"about":[{"href":"https:\/\/tvtecjundiai.com.br\/news\/wp-json\/wp\/v2\/types\/post"}],"author":[{"embeddable":true,"href":"https:\/\/tvtecjundiai.com.br\/news\/wp-json\/wp\/v2\/users\/28"}],"replies":[{"embeddable":true,"href":"https:\/\/tvtecjundiai.com.br\/news\/wp-json\/wp\/v2\/comments?post=78424"}],"version-history":[{"count":2,"href":"https:\/\/tvtecjundiai.com.br\/news\/wp-json\/wp\/v2\/posts\/78424\/revisions"}],"predecessor-version":[{"id":78439,"href":"https:\/\/tvtecjundiai.com.br\/news\/wp-json\/wp\/v2\/posts\/78424\/revisions\/78439"}],"wp:featuredmedia":[{"embeddable":true,"href":"https:\/\/tvtecjundiai.com.br\/news\/wp-json\/wp\/v2\/media\/78425"}],"wp:attachment":[{"href":"https:\/\/tvtecjundiai.com.br\/news\/wp-json\/wp\/v2\/media?parent=78424"}],"wp:term":[{"taxonomy":"category","embeddable":true,"href":"https:\/\/tvtecjundiai.com.br\/news\/wp-json\/wp\/v2\/categories?post=78424"},{"taxonomy":"post_tag","embeddable":true,"href":"https:\/\/tvtecjundiai.com.br\/news\/wp-json\/wp\/v2\/tags?post=78424"}],"curies":[{"name":"wp","href":"https:\/\/api.w.org\/{rel}","templated":true}]}}