{"id":78443,"date":"2021-06-30T16:13:17","date_gmt":"2021-06-30T19:13:17","guid":{"rendered":"https:\/\/tvtecjundiai.com.br\/news\/?p=78443"},"modified":"2021-06-30T16:32:19","modified_gmt":"2021-06-30T19:32:19","slug":"contando-historias-aluno-da-tvtec-cria-podcast-com-foco-em-personagens-locais-1","status":"publish","type":"post","link":"https:\/\/tvtecjundiai.com.br\/news\/2021\/06\/30\/contando-historias-aluno-da-tvtec-cria-podcast-com-foco-em-personagens-locais-1\/","title":{"rendered":"Contando hist\u00f3rias: aluno da TVTEC cria podcast com foco em personagens locais"},"content":{"rendered":"\n<p>Para quem tem costume de navegar pelo YouTube, com certeza j\u00e1 deve ter reparado na imensid\u00e3o de canais de podcasts oferecidos pela plataforma. Mais recentemente, outra febre tomou conta do aplicativo: os cortes de podcast, onde pequenos trechos das longas entrevistas s\u00e3o disponibilizados com temas espec\u00edficos.<\/p>\n\n\n\n<p>Inspirado nestes programas, o aluno da TVTEC, Raul Soli Rabelo, 32 anos, decidiu criar, em fevereiro deste ano o podcast \u201cPodContar\u201d, junto com outros amigos. \u201cEu sou da gera\u00e7\u00e3o que viveu a era do podcast gravado. Ent\u00e3o eu vi o Jovem Nerd (podcast sobre cultura geek criado h\u00e1 cerca de 10 anos), eu via esses canais e sempre gostei\u201d, diz Raul que j\u00e1 teve a experi\u00eancia de ter criado um podcast h\u00e1 alguns anos atr\u00e1s.<\/p>\n\n\n\n<div class=\"wp-block-image\"><figure class=\"aligncenter size-large is-resized\"><img loading=\"lazy\" decoding=\"async\" src=\"https:\/\/tvtecjundiai.com.br\/news\/wp-content\/uploads\/sites\/2\/2021\/06\/alunopodcast-720x960.jpeg\" alt=\"\" class=\"wp-image-78444\" width=\"463\" height=\"617\" \/><figcaption>Raul criou, junto com amigos, o podcast &#8220;PodContar&#8221;<\/figcaption><\/figure><\/div>\n\n\n\n<p>Com o aparecimento de outros programas, como, por exemplo, o Flow Podcast e o The Joe Rogan Experience \u2013 citados como inspira\u00e7\u00f5es pelo pr\u00f3prio Raul -, o empres\u00e1rio decidiu abra\u00e7ar de novo a ideia. \u201cEu sempre gostei de conversar, sempre gostei de gente, o ser humano \u00e9 a coisa mais incr\u00edvel que a gente tem. E trocando ideia com o Luan, que \u00e9 o meu parceiro l\u00e1 no podcast com alguns outros amigos, eu citei isso e ele falou \u2018poxa cara, eu tamb\u00e9m morro de vontade de ter um podcast, sempre foi algo que eu quis ter\u2019, e acabou que rolou, a gente se juntou\u201d, conta.<\/p>\n\n\n\n<p>A ideia sempre foi focar em personagens locais, de Jundia\u00ed e regi\u00e3o. \u201cA gente sempre busca algu\u00e9m que tenha alguma coisa a agregar. Pode ser um amigo, pode ser algu\u00e9m relativamente famoso, mas algu\u00e9m que vai trazer um conte\u00fado legal. A gente costuma falar que seria algu\u00e9m que a gente gostaria de conversar mesmo com a c\u00e2mera desligada\u201d, explica.<\/p>\n\n\n\n<p>Dentre os entrevistados, Raul cita o carateca Willians Quirino, atleta de Jundia\u00ed com dez t\u00edtulos brasileiros na bagagem. \u201cA conversa mais legal eu diria que foi a do Willians Quirino, foi uma conversa muito massa, a chance de conversar com um atleta de alta performance, \u00e9 um cara que representou o Brasil pelo mundo inteiro\u201d, lembra.<\/p>\n\n\n\n<div class=\"wp-block-image\"><figure class=\"aligncenter size-large\"><img loading=\"lazy\" decoding=\"async\" width=\"561\" height=\"578\" src=\"https:\/\/tvtecjundiai.com.br\/news\/wp-content\/uploads\/sites\/2\/2021\/06\/podcontar.jpg\" alt=\"\" class=\"wp-image-78445\" srcset=\"https:\/\/tvtecjundiai.com.br\/news\/wp-content\/uploads\/sites\/2\/2021\/06\/podcontar.jpg 561w, https:\/\/tvtecjundiai.com.br\/news\/wp-content\/uploads\/sites\/2\/2021\/06\/podcontar-300x309.jpg 300w\" sizes=\"auto, (max-width: 561px) 100vw, 561px\" \/><figcaption>Um dos entrevistados do programa foi o atleta de Jundia\u00ed, Willians Quirino (terceiro \u00e0 esquerda)<\/figcaption><\/figure><\/div>\n\n\n\n<p>Por conta do programa, Raul decidiu fazer o curso \u201cEdi\u00e7\u00e3o de \u00e1udio para podcast\u201d, oferecido pela Prefeitura de Jundia\u00ed em parceria com a TVTEC. \u201cAchei o curso muito legal, muito completo, com um linguajar bem simples\u201d, diz Raul que pretende expandir o programa para al\u00e9m do regional. \u201cO maior objetivo \u00e9 ter conversas interessantes, n\u00e3o s\u00f3 na cidade, mas expandindo isso aos poucos\u201d.<\/p>\n\n\n\n<p>Para quem tiver interesse em conhecer o \u201cPodContar\u201d, \u00e9 s\u00f3 acessar pelo YouTube o canal \u201cPodContarOFICIAL\u201d.<\/p>\n\n\n\n<p><em>(Texto: TVTEC\/Imagens: Divulga\u00e7\u00e3o)<\/em><\/p>\n","protected":false},"excerpt":{"rendered":"<p>O jundiaiense Raul criou o \u201cPodContar\u201d, um podcast onde ele conta hist\u00f3rias de pessoas de Jundia\u00ed e regi\u00e3o<\/p>\n","protected":false},"author":28,"featured_media":78444,"comment_status":"closed","ping_status":"closed","sticky":false,"template":"","format":"standard","meta":{"footnotes":""},"categories":[8356,1],"tags":[],"class_list":["post-78443","post","type-post","status-publish","format-standard","has-post-thumbnail","hentry","category-jundiai","category-noticias"],"_links":{"self":[{"href":"https:\/\/tvtecjundiai.com.br\/news\/wp-json\/wp\/v2\/posts\/78443","targetHints":{"allow":["GET"]}}],"collection":[{"href":"https:\/\/tvtecjundiai.com.br\/news\/wp-json\/wp\/v2\/posts"}],"about":[{"href":"https:\/\/tvtecjundiai.com.br\/news\/wp-json\/wp\/v2\/types\/post"}],"author":[{"embeddable":true,"href":"https:\/\/tvtecjundiai.com.br\/news\/wp-json\/wp\/v2\/users\/28"}],"replies":[{"embeddable":true,"href":"https:\/\/tvtecjundiai.com.br\/news\/wp-json\/wp\/v2\/comments?post=78443"}],"version-history":[{"count":1,"href":"https:\/\/tvtecjundiai.com.br\/news\/wp-json\/wp\/v2\/posts\/78443\/revisions"}],"predecessor-version":[{"id":78446,"href":"https:\/\/tvtecjundiai.com.br\/news\/wp-json\/wp\/v2\/posts\/78443\/revisions\/78446"}],"wp:featuredmedia":[{"embeddable":true,"href":"https:\/\/tvtecjundiai.com.br\/news\/wp-json\/wp\/v2\/media\/78444"}],"wp:attachment":[{"href":"https:\/\/tvtecjundiai.com.br\/news\/wp-json\/wp\/v2\/media?parent=78443"}],"wp:term":[{"taxonomy":"category","embeddable":true,"href":"https:\/\/tvtecjundiai.com.br\/news\/wp-json\/wp\/v2\/categories?post=78443"},{"taxonomy":"post_tag","embeddable":true,"href":"https:\/\/tvtecjundiai.com.br\/news\/wp-json\/wp\/v2\/tags?post=78443"}],"curies":[{"name":"wp","href":"https:\/\/api.w.org\/{rel}","templated":true}]}}