{"id":78447,"date":"2021-06-30T16:33:10","date_gmt":"2021-06-30T19:33:10","guid":{"rendered":"https:\/\/tvtecjundiai.com.br\/news\/?p=78447"},"modified":"2021-06-30T16:33:14","modified_gmt":"2021-06-30T19:33:14","slug":"jundiai-atinge-a-triste-marca-de-1-400-obitos-por-covid-19-nesta-quarta-feira-30","status":"publish","type":"post","link":"https:\/\/tvtecjundiai.com.br\/news\/2021\/06\/30\/jundiai-atinge-a-triste-marca-de-1-400-obitos-por-covid-19-nesta-quarta-feira-30\/","title":{"rendered":"Jundia\u00ed atinge a triste marca de 1.400 \u00f3bitos por COVID-19 nesta quarta-feira (30)"},"content":{"rendered":"\n<p>A Prefeitura de Jundia\u00ed informa que, nesta quarta-feira (30), seis \u00f3bitos foram contabilizados de residentes na cidade causados pelo Novo Coronav\u00edrus.<\/p>\n\n\n\n<p>Homem, 31 anos, obeso. Internou 16\/06 e faleceu 29\/06 no hospital S\u00e3o Vicente.<\/p>\n\n\n\n<p>Homem, 51 anos, obeso, portador de doen\u00e7a cardiovascular cr\u00f4nica. Internou 19\/06 e faleceu 29\/06 no hospital S\u00e3o Vicente.<\/p>\n\n\n\n<p>Homem, 81 anos, portador de doen\u00e7a cardiovascular cr\u00f4nica e diabetes. Internou 14\/06 e faleceu 30\/06 em hospital privado da cidade.<\/p>\n\n\n\n<p>Mulher, 67 anos, obesa. Internou 08\/06 e faleceu 29\/06 em hospital privado da cidade.<\/p>\n\n\n\n<p>Mulher, 56 anos, portadora de doen\u00e7a cardiovascular cr\u00f4nica e diabetes. Internou 27\/06 e faleceu 29\/06 no hospital S\u00e3o Vicente.<\/p>\n\n\n\n<p>Homem, 69 anos, sem comorbidades registradas. Faleceu 23\/06 em outro munic\u00edpio.<\/p>\n\n\n\n<p>At\u00e9 o momento, a cidade registra 1400 \u00f3bitos causados pela COVID-19 desde o in\u00edcio da pandemia.<\/p>\n\n\n\n<figure class=\"wp-block-image size-large\"><img loading=\"lazy\" decoding=\"async\" width=\"960\" height=\"960\" src=\"https:\/\/tvtecjundiai.com.br\/news\/wp-content\/uploads\/sites\/2\/2021\/06\/WhatsApp-Image-2021-06-30-at-16.24.18-960x960.jpeg\" alt=\"\" class=\"wp-image-78448\" srcset=\"https:\/\/tvtecjundiai.com.br\/news\/wp-content\/uploads\/sites\/2\/2021\/06\/WhatsApp-Image-2021-06-30-at-16.24.18-960x960.jpeg 960w, https:\/\/tvtecjundiai.com.br\/news\/wp-content\/uploads\/sites\/2\/2021\/06\/WhatsApp-Image-2021-06-30-at-16.24.18-300x300.jpeg 300w, https:\/\/tvtecjundiai.com.br\/news\/wp-content\/uploads\/sites\/2\/2021\/06\/WhatsApp-Image-2021-06-30-at-16.24.18-100x100.jpeg 100w, https:\/\/tvtecjundiai.com.br\/news\/wp-content\/uploads\/sites\/2\/2021\/06\/WhatsApp-Image-2021-06-30-at-16.24.18-768x768.jpeg 768w, https:\/\/tvtecjundiai.com.br\/news\/wp-content\/uploads\/sites\/2\/2021\/06\/WhatsApp-Image-2021-06-30-at-16.24.18.jpeg 1280w\" sizes=\"auto, (max-width: 960px) 100vw, 960px\" \/><\/figure>\n\n\n\n<figure class=\"wp-block-image size-large\"><img loading=\"lazy\" decoding=\"async\" width=\"960\" height=\"960\" src=\"https:\/\/tvtecjundiai.com.br\/news\/wp-content\/uploads\/sites\/2\/2021\/06\/WhatsApp-Image-2021-06-30-at-16.24.18-1-960x960.jpeg\" alt=\"\" class=\"wp-image-78449\" srcset=\"https:\/\/tvtecjundiai.com.br\/news\/wp-content\/uploads\/sites\/2\/2021\/06\/WhatsApp-Image-2021-06-30-at-16.24.18-1-960x960.jpeg 960w, https:\/\/tvtecjundiai.com.br\/news\/wp-content\/uploads\/sites\/2\/2021\/06\/WhatsApp-Image-2021-06-30-at-16.24.18-1-300x300.jpeg 300w, https:\/\/tvtecjundiai.com.br\/news\/wp-content\/uploads\/sites\/2\/2021\/06\/WhatsApp-Image-2021-06-30-at-16.24.18-1-100x100.jpeg 100w, https:\/\/tvtecjundiai.com.br\/news\/wp-content\/uploads\/sites\/2\/2021\/06\/WhatsApp-Image-2021-06-30-at-16.24.18-1-768x768.jpeg 768w, https:\/\/tvtecjundiai.com.br\/news\/wp-content\/uploads\/sites\/2\/2021\/06\/WhatsApp-Image-2021-06-30-at-16.24.18-1.jpeg 1280w\" sizes=\"auto, (max-width: 960px) 100vw, 960px\" \/><\/figure>\n\n\n\n<p><em>(Texto\/Imagem: Prefeitura de Jundia\u00ed)<\/em><\/p>\n","protected":false},"excerpt":{"rendered":"<p>Nesta quarta tamb\u00e9m foram contabilizados seis \u00f3bitos pela doen\u00e7a na cidade<\/p>\n","protected":false},"author":28,"featured_media":75270,"comment_status":"closed","ping_status":"closed","sticky":false,"template":"","format":"standard","meta":{"footnotes":""},"categories":[8356,1],"tags":[],"class_list":["post-78447","post","type-post","status-publish","format-standard","has-post-thumbnail","hentry","category-jundiai","category-noticias"],"_links":{"self":[{"href":"https:\/\/tvtecjundiai.com.br\/news\/wp-json\/wp\/v2\/posts\/78447","targetHints":{"allow":["GET"]}}],"collection":[{"href":"https:\/\/tvtecjundiai.com.br\/news\/wp-json\/wp\/v2\/posts"}],"about":[{"href":"https:\/\/tvtecjundiai.com.br\/news\/wp-json\/wp\/v2\/types\/post"}],"author":[{"embeddable":true,"href":"https:\/\/tvtecjundiai.com.br\/news\/wp-json\/wp\/v2\/users\/28"}],"replies":[{"embeddable":true,"href":"https:\/\/tvtecjundiai.com.br\/news\/wp-json\/wp\/v2\/comments?post=78447"}],"version-history":[{"count":1,"href":"https:\/\/tvtecjundiai.com.br\/news\/wp-json\/wp\/v2\/posts\/78447\/revisions"}],"predecessor-version":[{"id":78450,"href":"https:\/\/tvtecjundiai.com.br\/news\/wp-json\/wp\/v2\/posts\/78447\/revisions\/78450"}],"wp:featuredmedia":[{"embeddable":true,"href":"https:\/\/tvtecjundiai.com.br\/news\/wp-json\/wp\/v2\/media\/75270"}],"wp:attachment":[{"href":"https:\/\/tvtecjundiai.com.br\/news\/wp-json\/wp\/v2\/media?parent=78447"}],"wp:term":[{"taxonomy":"category","embeddable":true,"href":"https:\/\/tvtecjundiai.com.br\/news\/wp-json\/wp\/v2\/categories?post=78447"},{"taxonomy":"post_tag","embeddable":true,"href":"https:\/\/tvtecjundiai.com.br\/news\/wp-json\/wp\/v2\/tags?post=78447"}],"curies":[{"name":"wp","href":"https:\/\/api.w.org\/{rel}","templated":true}]}}