{"id":7846,"date":"2018-03-23T10:15:03","date_gmt":"2018-03-23T13:15:03","guid":{"rendered":"https:\/\/tvtecjundiai.com.br\/news\/?p=7846"},"modified":"2018-03-22T17:12:32","modified_gmt":"2018-03-22T20:12:32","slug":"cultura-polytheama-recebe-circo-de-bonecos-no-domingo-25","status":"publish","type":"post","link":"https:\/\/tvtecjundiai.com.br\/news\/2018\/03\/23\/cultura-polytheama-recebe-circo-de-bonecos-no-domingo-25\/","title":{"rendered":"Cultura: Polytheama recebe Circo de Bonecos no domingo (25)"},"content":{"rendered":"<div id=\"attachment_7847\" style=\"width: 360px\" class=\"wp-caption alignright\"><a href=\"https:\/\/tvtecjundiai.com.br\/news\/wp-content\/uploads\/sites\/2\/2018\/03\/Cia-Circo-de-Bonecos-Circo-de-Bonecos-Cre\u0301dito-da-Foto-Lazerum.jpeg\"><img loading=\"lazy\" decoding=\"async\" aria-describedby=\"caption-attachment-7847\" class=\"wp-image-7847\" src=\"https:\/\/tvtecjundiai.com.br\/news\/wp-content\/uploads\/sites\/2\/2018\/03\/Cia-Circo-de-Bonecos-Circo-de-Bonecos-Cre\u0301dito-da-Foto-Lazerum-300x300.jpeg\" alt=\"\" width=\"350\" height=\"350\" srcset=\"https:\/\/tvtecjundiai.com.br\/news\/wp-content\/uploads\/sites\/2\/2018\/03\/Cia-Circo-de-Bonecos-Circo-de-Bonecos-Cre\u0301dito-da-Foto-Lazerum-300x300.jpeg 300w, https:\/\/tvtecjundiai.com.br\/news\/wp-content\/uploads\/sites\/2\/2018\/03\/Cia-Circo-de-Bonecos-Circo-de-Bonecos-Cre\u0301dito-da-Foto-Lazerum-100x100.jpeg 100w, https:\/\/tvtecjundiai.com.br\/news\/wp-content\/uploads\/sites\/2\/2018\/03\/Cia-Circo-de-Bonecos-Circo-de-Bonecos-Cre\u0301dito-da-Foto-Lazerum-768x768.jpeg 768w, https:\/\/tvtecjundiai.com.br\/news\/wp-content\/uploads\/sites\/2\/2018\/03\/Cia-Circo-de-Bonecos-Circo-de-Bonecos-Cre\u0301dito-da-Foto-Lazerum.jpeg 960w\" sizes=\"auto, (max-width: 350px) 100vw, 350px\" \/><\/a><p id=\"caption-attachment-7847\" class=\"wp-caption-text\">As brincadeiras e atividades infantis no espet\u00e1culo se transformam em n\u00fameros circenses<\/p><\/div>\n<p>A sess\u00e3o Matin\u00ea no Poly, que acontece no Teatro Polytheama em Jundia\u00ed, recebe o &#8216;Circo de Bonecos&#8217; neste domingo (25), \u00e0s 16h. A entrada para a pe\u00e7a infantil \u00e9 gratuita.<\/p>\n<p>Circo de Bonecos conta a hist\u00f3ria de dois amigos que decidem brincar na sala de visita, recriando o mundo maravilhoso do circo dentro do universo das fantasias e brincadeiras infantis. As brincadeiras e atividades infantis se transformam em n\u00fameros circenses e em divertidas e emocionantes trapalhadas entre os dois amigos.<\/p>\n<p>A dupla de atores\u00a0Claudio Saltini e Sandro Gattone\u00a0se relacionam com as crian\u00e7as de igual para igual, sem que para isso seja preciso infantilizar-se a si mesmos e sem desprezar a intelig\u00eancia mobilizadora do imagin\u00e1rio infantil.\u00a0&#8216;Circo de Bonecos&#8217; fala sobre o encontro entre dois amigos, onde o jogo l\u00fadico garante a constru\u00e7\u00e3o de uma rela\u00e7\u00e3o mais amorosa, \u00e9tica e verdadeira.<\/p>\n<p>A distribui\u00e7\u00e3o gratuita dos ingressos para o espet\u00e1culo come\u00e7a no s\u00e1bado (24) e o limite \u00e9 de dois ingressos por pessoa.<\/p>\n<p><em>Fonte: Cultura Jundia\u00ed<\/em><\/p>\n","protected":false},"excerpt":{"rendered":"<p>A entrada para a pe\u00e7a infantil \u00e9 gratuita<\/p>\n","protected":false},"author":10,"featured_media":7851,"comment_status":"closed","ping_status":"closed","sticky":false,"template":"","format":"standard","meta":{"footnotes":""},"categories":[29,1],"tags":[2611,84,2613,5,2612,15],"class_list":["post-7846","post","type-post","status-publish","format-standard","has-post-thumbnail","hentry","category-destaque","category-noticias","tag-circo-de-bonecos","tag-cultura","tag-infantil","tag-jundiai","tag-peca-infantil","tag-tvtec"],"_links":{"self":[{"href":"https:\/\/tvtecjundiai.com.br\/news\/wp-json\/wp\/v2\/posts\/7846","targetHints":{"allow":["GET"]}}],"collection":[{"href":"https:\/\/tvtecjundiai.com.br\/news\/wp-json\/wp\/v2\/posts"}],"about":[{"href":"https:\/\/tvtecjundiai.com.br\/news\/wp-json\/wp\/v2\/types\/post"}],"author":[{"embeddable":true,"href":"https:\/\/tvtecjundiai.com.br\/news\/wp-json\/wp\/v2\/users\/10"}],"replies":[{"embeddable":true,"href":"https:\/\/tvtecjundiai.com.br\/news\/wp-json\/wp\/v2\/comments?post=7846"}],"version-history":[{"count":3,"href":"https:\/\/tvtecjundiai.com.br\/news\/wp-json\/wp\/v2\/posts\/7846\/revisions"}],"predecessor-version":[{"id":7850,"href":"https:\/\/tvtecjundiai.com.br\/news\/wp-json\/wp\/v2\/posts\/7846\/revisions\/7850"}],"wp:featuredmedia":[{"embeddable":true,"href":"https:\/\/tvtecjundiai.com.br\/news\/wp-json\/wp\/v2\/media\/7851"}],"wp:attachment":[{"href":"https:\/\/tvtecjundiai.com.br\/news\/wp-json\/wp\/v2\/media?parent=7846"}],"wp:term":[{"taxonomy":"category","embeddable":true,"href":"https:\/\/tvtecjundiai.com.br\/news\/wp-json\/wp\/v2\/categories?post=7846"},{"taxonomy":"post_tag","embeddable":true,"href":"https:\/\/tvtecjundiai.com.br\/news\/wp-json\/wp\/v2\/tags?post=7846"}],"curies":[{"name":"wp","href":"https:\/\/api.w.org\/{rel}","templated":true}]}}