{"id":78473,"date":"2021-07-01T12:19:18","date_gmt":"2021-07-01T15:19:18","guid":{"rendered":"https:\/\/tvtecjundiai.com.br\/news\/?p=78473"},"modified":"2021-07-01T12:19:25","modified_gmt":"2021-07-01T15:19:25","slug":"bazar-do-voluntariado-do-hospital-sao-vicente-retoma-atividades-na-segunda-feira-05","status":"publish","type":"post","link":"https:\/\/tvtecjundiai.com.br\/news\/2021\/07\/01\/bazar-do-voluntariado-do-hospital-sao-vicente-retoma-atividades-na-segunda-feira-05\/","title":{"rendered":"Bazar do Voluntariado do Hospital S\u00e3o Vicente retoma atividades na segunda-feira (05)"},"content":{"rendered":"\n<p>Mesmo \u00e0 dist\u00e2ncia, os membros do grupo volunt\u00e1rio \u201cVisita Vicente\u201d, do Hospital de Caridade S\u00e3o Vicente de Paulo (HSV), n\u00e3o deixam de fazer a diferen\u00e7a e contribuir com a rotina da institui\u00e7\u00e3o. Por isso, o grupo retoma a realiza\u00e7\u00e3o do Bazar do Voluntariado entre os dias 5 e 9 de julho, em um novo endere\u00e7o, na Rua Major Gustavo Adolfo Storck, 26, Vila Virg\u00ednia, em Jundia\u00ed (travessa da Rua do Retiro).<\/p>\n\n\n\n<figure class=\"wp-block-image size-large\"><img loading=\"lazy\" decoding=\"async\" width=\"1132\" height=\"869\" src=\"https:\/\/tvtecjundiai.com.br\/news\/wp-content\/uploads\/sites\/2\/2021\/07\/Em-novo-endereco-grupo-Visita-Vicente-sob-o-comando-de-Cyzinha-retorna-as-atividades-do-bazar-em-prol-do-HSV-e-do-Funss-na-segunda-dia-05.jpg\" alt=\"\" class=\"wp-image-78474\" srcset=\"https:\/\/tvtecjundiai.com.br\/news\/wp-content\/uploads\/sites\/2\/2021\/07\/Em-novo-endereco-grupo-Visita-Vicente-sob-o-comando-de-Cyzinha-retorna-as-atividades-do-bazar-em-prol-do-HSV-e-do-Funss-na-segunda-dia-05.jpg 1132w, https:\/\/tvtecjundiai.com.br\/news\/wp-content\/uploads\/sites\/2\/2021\/07\/Em-novo-endereco-grupo-Visita-Vicente-sob-o-comando-de-Cyzinha-retorna-as-atividades-do-bazar-em-prol-do-HSV-e-do-Funss-na-segunda-dia-05-300x230.jpg 300w, https:\/\/tvtecjundiai.com.br\/news\/wp-content\/uploads\/sites\/2\/2021\/07\/Em-novo-endereco-grupo-Visita-Vicente-sob-o-comando-de-Cyzinha-retorna-as-atividades-do-bazar-em-prol-do-HSV-e-do-Funss-na-segunda-dia-05-768x590.jpg 768w\" sizes=\"auto, (max-width: 1132px) 100vw, 1132px\" \/><figcaption>Em novo endere\u00e7o, grupo Visita Vicente, sob o comando de Cyzinha, retorna as atividades do bazar em prol do HSV e do Funss na segunda (05)<\/figcaption><\/figure>\n\n\n\n<p>A verba arrecadada ser\u00e1 direcionada ao HSV. A coordenadora do grupo, Cyzinha Toniolo, explica que, inicialmente, o evento ser\u00e1 realizado como um teste. \u201cPrecisamos ver como ser\u00e3o as vendas e o fluxo de pessoas, j\u00e1 que precisamos seguir todos os protocolos de seguran\u00e7a corretamente. Estamos muito felizes, \u00e9 uma satisfa\u00e7\u00e3o imensa. Voltamos com muito g\u00e1s e agora unindo for\u00e7as com o Fundo Social, ap\u00f3s um ano de atividades suspensas. Os pre\u00e7os continuam acess\u00edveis para que todos possam realizar suas compras com tranquilidade\u201d, salienta.<\/p>\n\n\n\n<figure class=\"wp-block-image size-large\"><img loading=\"lazy\" decoding=\"async\" width=\"1045\" height=\"637\" src=\"https:\/\/tvtecjundiai.com.br\/news\/wp-content\/uploads\/sites\/2\/2021\/07\/Bazar-sera-realizado-em-novo-endereco.jpg\" alt=\"\" class=\"wp-image-78475\" srcset=\"https:\/\/tvtecjundiai.com.br\/news\/wp-content\/uploads\/sites\/2\/2021\/07\/Bazar-sera-realizado-em-novo-endereco.jpg 1045w, https:\/\/tvtecjundiai.com.br\/news\/wp-content\/uploads\/sites\/2\/2021\/07\/Bazar-sera-realizado-em-novo-endereco-300x183.jpg 300w, https:\/\/tvtecjundiai.com.br\/news\/wp-content\/uploads\/sites\/2\/2021\/07\/Bazar-sera-realizado-em-novo-endereco-768x468.jpg 768w\" sizes=\"auto, (max-width: 1045px) 100vw, 1045px\" \/><figcaption>Bazar ser\u00e1 realizado em novo endere\u00e7o<\/figcaption><\/figure>\n\n\n\n<p>O Bazar do Voluntariado conta com os mais diversos itens que v\u00e3o desde roupas femininas, masculinas e infantis a itens de decora\u00e7\u00e3o, passando por brinquedos, acess\u00f3rios, utens\u00edlios dom\u00e9sticos e muito mais. S\u00e3o pe\u00e7as das mais diversas marcas, novas e semi-novas. O funcionamento ser\u00e1 das 9h \u00e0s 16h. O local \u00e9 de f\u00e1cil acesso.<\/p>\n\n\n\n<p><em>(Texto\/Imagem: Assessoria de Imprensa)<\/em><\/p>\n","protected":false},"excerpt":{"rendered":"<p>O bazar agora est\u00e1 em novo endere\u00e7o, na Rua Major Gustavo Adolfo Storck, 26, Vila Virg\u00ednia<\/p>\n","protected":false},"author":28,"featured_media":78474,"comment_status":"closed","ping_status":"closed","sticky":false,"template":"","format":"standard","meta":{"footnotes":""},"categories":[8356,1],"tags":[],"class_list":["post-78473","post","type-post","status-publish","format-standard","has-post-thumbnail","hentry","category-jundiai","category-noticias"],"_links":{"self":[{"href":"https:\/\/tvtecjundiai.com.br\/news\/wp-json\/wp\/v2\/posts\/78473","targetHints":{"allow":["GET"]}}],"collection":[{"href":"https:\/\/tvtecjundiai.com.br\/news\/wp-json\/wp\/v2\/posts"}],"about":[{"href":"https:\/\/tvtecjundiai.com.br\/news\/wp-json\/wp\/v2\/types\/post"}],"author":[{"embeddable":true,"href":"https:\/\/tvtecjundiai.com.br\/news\/wp-json\/wp\/v2\/users\/28"}],"replies":[{"embeddable":true,"href":"https:\/\/tvtecjundiai.com.br\/news\/wp-json\/wp\/v2\/comments?post=78473"}],"version-history":[{"count":1,"href":"https:\/\/tvtecjundiai.com.br\/news\/wp-json\/wp\/v2\/posts\/78473\/revisions"}],"predecessor-version":[{"id":78478,"href":"https:\/\/tvtecjundiai.com.br\/news\/wp-json\/wp\/v2\/posts\/78473\/revisions\/78478"}],"wp:featuredmedia":[{"embeddable":true,"href":"https:\/\/tvtecjundiai.com.br\/news\/wp-json\/wp\/v2\/media\/78474"}],"wp:attachment":[{"href":"https:\/\/tvtecjundiai.com.br\/news\/wp-json\/wp\/v2\/media?parent=78473"}],"wp:term":[{"taxonomy":"category","embeddable":true,"href":"https:\/\/tvtecjundiai.com.br\/news\/wp-json\/wp\/v2\/categories?post=78473"},{"taxonomy":"post_tag","embeddable":true,"href":"https:\/\/tvtecjundiai.com.br\/news\/wp-json\/wp\/v2\/tags?post=78473"}],"curies":[{"name":"wp","href":"https:\/\/api.w.org\/{rel}","templated":true}]}}