{"id":78482,"date":"2021-07-01T12:29:58","date_gmt":"2021-07-01T15:29:58","guid":{"rendered":"https:\/\/tvtecjundiai.com.br\/news\/?p=78482"},"modified":"2021-07-01T12:30:00","modified_gmt":"2021-07-01T15:30:00","slug":"no-hospital-sao-vicente-jovens-aprendizes-tem-grandes-chances-de-efetivacao","status":"publish","type":"post","link":"https:\/\/tvtecjundiai.com.br\/news\/2021\/07\/01\/no-hospital-sao-vicente-jovens-aprendizes-tem-grandes-chances-de-efetivacao\/","title":{"rendered":"No Hospital S\u00e3o Vicente, jovens aprendizes t\u00eam grandes chances de efetiva\u00e7\u00e3o"},"content":{"rendered":"\n<p>O primeiro emprego \u00e9 um dos principais objetivos a se alcan\u00e7ar na lista dos jovens, tanto pela conquista da t\u00e3o sonhada independ\u00eancia financeira, quanto para o desenvolvimento profissional na \u00e1rea de interesse. Com as dificuldades encontradas pelos adolescentes na procura por uma vaga, desde 2000, a Lei do Aprendiz garante a inclus\u00e3o no mercado de trabalho de jovens com 14 a 24 anos. No Hospital de Caridade S\u00e3o Vicente de Paulo (HSV), s\u00e3o admitidos aprendizes com idade igual ou acima de 18 anos, dos programas de aprendizagem, para atuarem em diversos setores da institui\u00e7\u00e3o.<\/p>\n\n\n\n<figure class=\"wp-block-image size-large\"><img loading=\"lazy\" decoding=\"async\" width=\"992\" height=\"719\" src=\"https:\/\/tvtecjundiai.com.br\/news\/wp-content\/uploads\/sites\/2\/2021\/07\/Jovens-aprendizes-finalizam-contrato-e-agradecem-ao-HSV.jpg\" alt=\"\" class=\"wp-image-78483\" srcset=\"https:\/\/tvtecjundiai.com.br\/news\/wp-content\/uploads\/sites\/2\/2021\/07\/Jovens-aprendizes-finalizam-contrato-e-agradecem-ao-HSV.jpg 992w, https:\/\/tvtecjundiai.com.br\/news\/wp-content\/uploads\/sites\/2\/2021\/07\/Jovens-aprendizes-finalizam-contrato-e-agradecem-ao-HSV-300x217.jpg 300w, https:\/\/tvtecjundiai.com.br\/news\/wp-content\/uploads\/sites\/2\/2021\/07\/Jovens-aprendizes-finalizam-contrato-e-agradecem-ao-HSV-768x557.jpg 768w\" sizes=\"auto, (max-width: 992px) 100vw, 992px\" \/><figcaption>Jovens aprendizes finalizam contrato e agradecem ao HSV<\/figcaption><\/figure>\n\n\n\n<p>A Rillary Giovanna Camargo, de 18 anos, fez parte do projeto conduzido pelo departamento de recursos humanos e foi efetivada ap\u00f3s o fim do contrato. \u201cA minha experi\u00eancia e trajet\u00f3ria como jovem aprendiz no HSV foi de grande import\u00e2ncia. Fui recontratada por conta do meu bom desempenho. Fiquei durante esse per\u00edodo no pr\u00f3prio RH e permane\u00e7o no setor ap\u00f3s a efetiva\u00e7\u00e3o, o que me motivou a continuar na \u00e1rea. Estou feliz, me dediquei bastante e espero aprender muito mais nessa nova fun\u00e7\u00e3o\u201d, conta a jovem, promovida a auxiliar de departamento pessoal.<\/p>\n\n\n\n<p>No \u00faltimo dia 28, a equipe do setor respons\u00e1vel realizou uma a\u00e7\u00e3o de despedida aos nove jovens que finalizaram seus contratos no m\u00eas de junho. A contrata\u00e7\u00e3o tem dura\u00e7\u00e3o de um ano e quatro meses. Na ocasi\u00e3o, os profissionais foram recebidos com um&nbsp;<em>coffee break<\/em>&nbsp;e compartilharam suas experi\u00eancias pr\u00e1ticas e te\u00f3ricas, al\u00e9m de participarem de uma apresenta\u00e7\u00e3o especial ministrada pela assistente de RH III, Mayara Caroline Carvalho Muniz, que tamb\u00e9m foi aprendiz e falou sobre a import\u00e2ncia da trilha de aprendizagem. Atualmente a institui\u00e7\u00e3o conta com 31 jovens aprendizes e recebera mais 11 no pr\u00f3ximo m\u00eas.<\/p>\n\n\n\n<p>\u201cFoi uma apresenta\u00e7\u00e3o de agradecimento por todo o trabalho desenvolvido nesse per\u00edodo. N\u00f3s buscamos valorizar todos esses novos talentos e refor\u00e7amos as orienta\u00e7\u00f5es para envio de curr\u00edculos, para que eles retornem efetivados quando houver oportunidade\u201d, explica a coordenadora de recursos humanos e departamento pessoal, Am\u00e1bile Floreste.<\/p>\n\n\n\n<p>Peterson Kau\u00e3 Sampaio da Silva foi aprendiz no setor de manuten\u00e7\u00e3o. \u201cAprendi sobre os diferentes tipos de documentos necess\u00e1rios no hospital para atendimento aos procedimentos internos, sobre a forma, cronograma e import\u00e2ncia da manuten\u00e7\u00e3o\u201d. J\u00e1 o Gabriel Godoi Michel passou pelos setores da farm\u00e1cia, manipula\u00e7\u00e3o e pelo servi\u00e7o de arquivamento m\u00e9dico e estat\u00edstico (SAME). \u201cAtuei nos processos de estoque e administrativo, mas independente de onde eu estivesse, sempre senti que \u00e9ramos como uma fam\u00edlia. Vou levar para a vida todo o aprendizado e aten\u00e7\u00e3o que recebi da minha equipe\u201d.<\/p>\n\n\n\n<p><em>(Texto\/Imagem: Assessoria de Imprensa)<\/em><\/p>\n","protected":false},"excerpt":{"rendered":"<p>Os jovens, que conquistaram o primeiro emprego no HSV, adquirem experi\u00eancia para novas oportunidades<\/p>\n","protected":false},"author":28,"featured_media":78483,"comment_status":"closed","ping_status":"closed","sticky":false,"template":"","format":"standard","meta":{"footnotes":""},"categories":[8356,1],"tags":[],"class_list":["post-78482","post","type-post","status-publish","format-standard","has-post-thumbnail","hentry","category-jundiai","category-noticias"],"_links":{"self":[{"href":"https:\/\/tvtecjundiai.com.br\/news\/wp-json\/wp\/v2\/posts\/78482","targetHints":{"allow":["GET"]}}],"collection":[{"href":"https:\/\/tvtecjundiai.com.br\/news\/wp-json\/wp\/v2\/posts"}],"about":[{"href":"https:\/\/tvtecjundiai.com.br\/news\/wp-json\/wp\/v2\/types\/post"}],"author":[{"embeddable":true,"href":"https:\/\/tvtecjundiai.com.br\/news\/wp-json\/wp\/v2\/users\/28"}],"replies":[{"embeddable":true,"href":"https:\/\/tvtecjundiai.com.br\/news\/wp-json\/wp\/v2\/comments?post=78482"}],"version-history":[{"count":1,"href":"https:\/\/tvtecjundiai.com.br\/news\/wp-json\/wp\/v2\/posts\/78482\/revisions"}],"predecessor-version":[{"id":78484,"href":"https:\/\/tvtecjundiai.com.br\/news\/wp-json\/wp\/v2\/posts\/78482\/revisions\/78484"}],"wp:featuredmedia":[{"embeddable":true,"href":"https:\/\/tvtecjundiai.com.br\/news\/wp-json\/wp\/v2\/media\/78483"}],"wp:attachment":[{"href":"https:\/\/tvtecjundiai.com.br\/news\/wp-json\/wp\/v2\/media?parent=78482"}],"wp:term":[{"taxonomy":"category","embeddable":true,"href":"https:\/\/tvtecjundiai.com.br\/news\/wp-json\/wp\/v2\/categories?post=78482"},{"taxonomy":"post_tag","embeddable":true,"href":"https:\/\/tvtecjundiai.com.br\/news\/wp-json\/wp\/v2\/tags?post=78482"}],"curies":[{"name":"wp","href":"https:\/\/api.w.org\/{rel}","templated":true}]}}