{"id":78485,"date":"2021-07-01T12:51:55","date_gmt":"2021-07-01T15:51:55","guid":{"rendered":"https:\/\/tvtecjundiai.com.br\/news\/?p=78485"},"modified":"2021-07-01T12:51:58","modified_gmt":"2021-07-01T15:51:58","slug":"grendacc-realiza-campanha-pizza-solidaria-em-comemoracao-ao-seu-aniversario","status":"publish","type":"post","link":"https:\/\/tvtecjundiai.com.br\/news\/2021\/07\/01\/grendacc-realiza-campanha-pizza-solidaria-em-comemoracao-ao-seu-aniversario\/","title":{"rendered":"Grendacc realiza campanha &#8220;Pizza Solid\u00e1ria&#8221; em comemora\u00e7\u00e3o ao seu anivers\u00e1rio"},"content":{"rendered":"\n<p>O Grupo em Defesa da Crian\u00e7a com C\u00e2ncer &#8211; Grendacc comemora 26 anos de exist\u00eancia no pr\u00f3ximo dia 19 de julho e, em comemora\u00e7\u00e3o, a institui\u00e7\u00e3o lan\u00e7a a campanha &#8220;Pizza Solid\u00e1ria&#8221;, em parceria com a Pizzaria Ves\u00favio.   <\/p>\n\n\n\n<p>A campanha que ser\u00e1 realizada no Dia da Pizza, dia 10 de julho, ter\u00e1 parte das vendas revertida para o Hospital da Crian\u00e7a. Ao participar da campanha, os participantes estar\u00e3o ajudando as crian\u00e7as e adolescentes que est\u00e3o em tratamento contra o c\u00e2ncer na institui\u00e7\u00e3o.<\/p>\n\n\n\n<figure class=\"wp-block-image size-large\"><img loading=\"lazy\" decoding=\"async\" width=\"800\" height=\"445\" src=\"https:\/\/tvtecjundiai.com.br\/news\/wp-content\/uploads\/sites\/2\/2020\/05\/grendacc-1-800x445.jpg\" alt=\"\" class=\"wp-image-54295\" srcset=\"https:\/\/tvtecjundiai.com.br\/news\/wp-content\/uploads\/sites\/2\/2020\/05\/grendacc-1-800x445.jpg 800w, https:\/\/tvtecjundiai.com.br\/news\/wp-content\/uploads\/sites\/2\/2020\/05\/grendacc-1-800x445-300x167.jpg 300w, https:\/\/tvtecjundiai.com.br\/news\/wp-content\/uploads\/sites\/2\/2020\/05\/grendacc-1-800x445-768x427.jpg 768w\" sizes=\"auto, (max-width: 800px) 100vw, 800px\" \/><\/figure>\n\n\n\n<p>Quem quiser participar da campanha, pode adquirir o vale-pizza por R$ 49,90, nos sabores Marguerita, Napolitana, Calabresa ou Portuguesa. Os vale-pizzas podem ser adquiridos no setor de capta\u00e7\u00e3o da institui\u00e7\u00e3o, pelo WhatsApp (11) 96615-0315; telefone: (11) 4815-8440 ramal 8510 ou email: captacao@grendacc.org.br, no setor de Telemarketing, pelo WhatsApp: (11) 99995-4317; telefone (11) 4815-8445 ou email sup_telemarketing@grendacc.org.br ou no Bazar Permanente, que fica na Portaria 2, acesso pela Avenida Dr. Manoel Ildefonso Archer, Parque da Represa.<\/p>\n\n\n\n<p>A retirada das pizzas deve ser feita no Ves\u00favio, que fica na rua do Retiro, 2.173, no dia 30 de julho, das 14h \u00e0s 20h.<\/p>\n\n\n\n<p><em>(Texto\/Imagem: TVTEC)<\/em><\/p>\n","protected":false},"excerpt":{"rendered":"<p>A campanha ser\u00e1 realizada no Dia da Pizza, dia 10 de julho, em parceria com a Pizzaria Ves\u00favio<\/p>\n","protected":false},"author":28,"featured_media":44808,"comment_status":"closed","ping_status":"closed","sticky":false,"template":"","format":"standard","meta":{"footnotes":""},"categories":[8356,1],"tags":[],"class_list":["post-78485","post","type-post","status-publish","format-standard","has-post-thumbnail","hentry","category-jundiai","category-noticias"],"_links":{"self":[{"href":"https:\/\/tvtecjundiai.com.br\/news\/wp-json\/wp\/v2\/posts\/78485","targetHints":{"allow":["GET"]}}],"collection":[{"href":"https:\/\/tvtecjundiai.com.br\/news\/wp-json\/wp\/v2\/posts"}],"about":[{"href":"https:\/\/tvtecjundiai.com.br\/news\/wp-json\/wp\/v2\/types\/post"}],"author":[{"embeddable":true,"href":"https:\/\/tvtecjundiai.com.br\/news\/wp-json\/wp\/v2\/users\/28"}],"replies":[{"embeddable":true,"href":"https:\/\/tvtecjundiai.com.br\/news\/wp-json\/wp\/v2\/comments?post=78485"}],"version-history":[{"count":1,"href":"https:\/\/tvtecjundiai.com.br\/news\/wp-json\/wp\/v2\/posts\/78485\/revisions"}],"predecessor-version":[{"id":78486,"href":"https:\/\/tvtecjundiai.com.br\/news\/wp-json\/wp\/v2\/posts\/78485\/revisions\/78486"}],"wp:featuredmedia":[{"embeddable":true,"href":"https:\/\/tvtecjundiai.com.br\/news\/wp-json\/wp\/v2\/media\/44808"}],"wp:attachment":[{"href":"https:\/\/tvtecjundiai.com.br\/news\/wp-json\/wp\/v2\/media?parent=78485"}],"wp:term":[{"taxonomy":"category","embeddable":true,"href":"https:\/\/tvtecjundiai.com.br\/news\/wp-json\/wp\/v2\/categories?post=78485"},{"taxonomy":"post_tag","embeddable":true,"href":"https:\/\/tvtecjundiai.com.br\/news\/wp-json\/wp\/v2\/tags?post=78485"}],"curies":[{"name":"wp","href":"https:\/\/api.w.org\/{rel}","templated":true}]}}