{"id":78487,"date":"2021-07-01T12:59:50","date_gmt":"2021-07-01T15:59:50","guid":{"rendered":"https:\/\/tvtecjundiai.com.br\/news\/?p=78487"},"modified":"2021-07-01T12:59:54","modified_gmt":"2021-07-01T15:59:54","slug":"complexo-fepasa-tem-mudancas-na-area-de-estacionamento","status":"publish","type":"post","link":"https:\/\/tvtecjundiai.com.br\/news\/2021\/07\/01\/complexo-fepasa-tem-mudancas-na-area-de-estacionamento\/","title":{"rendered":"Complexo Fepasa tem mudan\u00e7as na \u00e1rea de estacionamento"},"content":{"rendered":"\n<p>Para proporcionar mais seguran\u00e7a aos pedestres que circulam pela \u00e1rea central do Complexo Fepasa, a partir de domingo (4) n\u00e3o ser\u00e1 mais permitido o estacionamento de ve\u00edculos nesta \u00e1rea. O novo local de estacionamento funcionar\u00e1 dentro do primeiro galp\u00e3o do Complexo Fepasa, que foi totalmente sinalizado para receber os ve\u00edculos que diariamente passam pelo local.<\/p>\n\n\n\n<p>De acordo com o gestor de Cultura, Marcelo Peroni, a medida integra um conjunto de a\u00e7\u00f5es de valoriza\u00e7\u00e3o dos espa\u00e7os culturais da cidade, que comp\u00f5em o Patrim\u00f4nio Hist\u00f3rico e Cultural do munic\u00edpio, al\u00e9m de proporcionar que as crian\u00e7as utilizem o local para brincar.<\/p>\n\n\n\n<p>Al\u00e9m de facilitar a circula\u00e7\u00e3o dos pedestres com total seguran\u00e7a, o p\u00fablico poder\u00e1 contemplar o pr\u00e9dio central do Complexo Fepasa, im\u00f3vel t\u00e3o importante da cidade, que j\u00e1 recebeu ilumina\u00e7\u00e3o especial e em breve contar\u00e1 com um novo paisagismo em seus jardins.<\/p>\n\n\n\n<figure class=\"wp-block-image size-large\"><img loading=\"lazy\" decoding=\"async\" width=\"1200\" height=\"800\" src=\"https:\/\/tvtecjundiai.com.br\/news\/wp-content\/uploads\/sites\/2\/2021\/07\/asfaltamento-complexo-fepasa-59-1200x800.jpg\" alt=\"\" class=\"wp-image-78488\" srcset=\"https:\/\/tvtecjundiai.com.br\/news\/wp-content\/uploads\/sites\/2\/2021\/07\/asfaltamento-complexo-fepasa-59-1200x800.jpg 1200w, https:\/\/tvtecjundiai.com.br\/news\/wp-content\/uploads\/sites\/2\/2021\/07\/asfaltamento-complexo-fepasa-59-300x200.jpg 300w, https:\/\/tvtecjundiai.com.br\/news\/wp-content\/uploads\/sites\/2\/2021\/07\/asfaltamento-complexo-fepasa-59-768x512.jpg 768w, https:\/\/tvtecjundiai.com.br\/news\/wp-content\/uploads\/sites\/2\/2021\/07\/asfaltamento-complexo-fepasa-59.jpg 1280w\" sizes=\"auto, (max-width: 1200px) 100vw, 1200px\" \/><\/figure>\n\n\n\n<p><em>(Texto\/Imagem: Prefeitura de Jundia\u00ed)<\/em><\/p>\n","protected":false},"excerpt":{"rendered":"<p>O novo local de estacionamento funcionar\u00e1 dentro do primeiro galp\u00e3o do Complexo Fepasa<\/p>\n","protected":false},"author":28,"featured_media":78488,"comment_status":"closed","ping_status":"closed","sticky":false,"template":"","format":"standard","meta":{"footnotes":""},"categories":[8356,1],"tags":[],"class_list":["post-78487","post","type-post","status-publish","format-standard","has-post-thumbnail","hentry","category-jundiai","category-noticias"],"_links":{"self":[{"href":"https:\/\/tvtecjundiai.com.br\/news\/wp-json\/wp\/v2\/posts\/78487","targetHints":{"allow":["GET"]}}],"collection":[{"href":"https:\/\/tvtecjundiai.com.br\/news\/wp-json\/wp\/v2\/posts"}],"about":[{"href":"https:\/\/tvtecjundiai.com.br\/news\/wp-json\/wp\/v2\/types\/post"}],"author":[{"embeddable":true,"href":"https:\/\/tvtecjundiai.com.br\/news\/wp-json\/wp\/v2\/users\/28"}],"replies":[{"embeddable":true,"href":"https:\/\/tvtecjundiai.com.br\/news\/wp-json\/wp\/v2\/comments?post=78487"}],"version-history":[{"count":1,"href":"https:\/\/tvtecjundiai.com.br\/news\/wp-json\/wp\/v2\/posts\/78487\/revisions"}],"predecessor-version":[{"id":78489,"href":"https:\/\/tvtecjundiai.com.br\/news\/wp-json\/wp\/v2\/posts\/78487\/revisions\/78489"}],"wp:featuredmedia":[{"embeddable":true,"href":"https:\/\/tvtecjundiai.com.br\/news\/wp-json\/wp\/v2\/media\/78488"}],"wp:attachment":[{"href":"https:\/\/tvtecjundiai.com.br\/news\/wp-json\/wp\/v2\/media?parent=78487"}],"wp:term":[{"taxonomy":"category","embeddable":true,"href":"https:\/\/tvtecjundiai.com.br\/news\/wp-json\/wp\/v2\/categories?post=78487"},{"taxonomy":"post_tag","embeddable":true,"href":"https:\/\/tvtecjundiai.com.br\/news\/wp-json\/wp\/v2\/tags?post=78487"}],"curies":[{"name":"wp","href":"https:\/\/api.w.org\/{rel}","templated":true}]}}