{"id":78490,"date":"2021-07-01T13:09:32","date_gmt":"2021-07-01T16:09:32","guid":{"rendered":"https:\/\/tvtecjundiai.com.br\/news\/?p=78490"},"modified":"2021-07-01T14:07:01","modified_gmt":"2021-07-01T17:07:01","slug":"covid-19-espacos-culturais-de-jundiai-reabrem-seus-espacos-gradativamente-1","status":"publish","type":"post","link":"https:\/\/tvtecjundiai.com.br\/news\/2021\/07\/01\/covid-19-espacos-culturais-de-jundiai-reabrem-seus-espacos-gradativamente-1\/","title":{"rendered":"COVID-19: Espa\u00e7os culturais de Jundia\u00ed reabrem gradativamente"},"content":{"rendered":"\n<p>Com o objetivo de proporcionar \u00e0 popula\u00e7\u00e3o oportunidades de acompanhar atividades culturais, bem como visitar os espa\u00e7os p\u00fablicos que comp\u00f5em o Patrim\u00f4nio Hist\u00f3rico e Cultural de Jundia\u00ed, a Unidade de Gest\u00e3o de Cultura seguindo todos os protocolos do Plano S\u00e3o Paulo de Contingenciamento a COVID-19 voltar\u00e1 gradativamente as atividades presenciais em seus espa\u00e7os.<\/p>\n\n\n\n<p>De acordo com o gestor de Cultura, Marcelo Peroni, todos os procedimentos de seguran\u00e7a ser\u00e3o seguidos criteriosamente, observando-se o distanciamento social, o uso obrigat\u00f3rio de m\u00e1scaras e disponibilidade de \u00e1lcool em gel em todos os locais p\u00fablicos sob a responsabilidade do setor.<\/p>\n\n\n\n<p>Desta forma, a reabertura dos espa\u00e7os culturais na cidade seguir\u00e1 um cronograma, e caso o governo do Estado realize qualquer altera\u00e7\u00e3o no Plano S\u00e3o Paulo, Jundia\u00ed seguir\u00e1 a nova orienta\u00e7\u00e3o, podendo ocorrer o fechamento dos espa\u00e7os.<\/p>\n\n\n\n<figure class=\"wp-block-image size-large\"><img loading=\"lazy\" decoding=\"async\" width=\"1200\" height=\"801\" src=\"https:\/\/tvtecjundiai.com.br\/news\/wp-content\/uploads\/sites\/2\/2021\/07\/gravacao_corpos_artisticos_aniversario_polytheama-15-1200x801.jpg\" alt=\"\" class=\"wp-image-78491\" srcset=\"https:\/\/tvtecjundiai.com.br\/news\/wp-content\/uploads\/sites\/2\/2021\/07\/gravacao_corpos_artisticos_aniversario_polytheama-15-1200x801.jpg 1200w, https:\/\/tvtecjundiai.com.br\/news\/wp-content\/uploads\/sites\/2\/2021\/07\/gravacao_corpos_artisticos_aniversario_polytheama-15-300x200.jpg 300w, https:\/\/tvtecjundiai.com.br\/news\/wp-content\/uploads\/sites\/2\/2021\/07\/gravacao_corpos_artisticos_aniversario_polytheama-15-768x512.jpg 768w, https:\/\/tvtecjundiai.com.br\/news\/wp-content\/uploads\/sites\/2\/2021\/07\/gravacao_corpos_artisticos_aniversario_polytheama-15.jpg 1280w\" sizes=\"auto, (max-width: 1200px) 100vw, 1200px\" \/><figcaption>O Teatro Polytheama ser\u00e1 reaberto para lives<\/figcaption><\/figure>\n\n\n\n<p><strong>Cronograma<\/strong><br><strong>De 01 de julho a 15 de julho<\/strong>&nbsp;\u2013 REABERTURA DOS ESPA\u00c7OS \u2013 DISPON\u00cdVEIS SOMENTE PARA LIVES: Teatro Polytheama, Complexo Fepasa e Museu Solar do Bar\u00e3o. A Pinacoteca permanecer\u00e1 fechada para montagem de futura exposi\u00e7\u00e3o.<\/p>\n\n\n\n<p><strong>De 15 de julho a 31 de julho<\/strong>&nbsp;\u2013 REABERTURA DOS ESPA\u00c7OS PARA ENSAIOS E REUNI\u00d5ES \u2013 COMPLEXO FEPASA \u2013 respeitando o limite de 40% da capacidade por sala ocupada de acordo com as solicita\u00e7\u00f5es&nbsp;<\/p>\n\n\n\n<p><strong>A partir de 01 de agosto<\/strong>&nbsp;\u2013 ABERTURA DOS ESPA\u00c7OS PARA VISITA\u00c7\u00c3O (respeitando&nbsp;a capacidade de p\u00fablico estabelecido no Plano S\u00e3o Paulo): &nbsp;TEATRO POLYTHEAMA, MUSEU SOLAR DO BAR\u00c3O, PINACOTECA, C\u00c9U DAS ARTES E COMPLEXO FEPASA.<\/p>\n\n\n\n<p><em>(Texto\/Imagem: Prefeitura de Jundia\u00ed)<\/em><\/p>\n","protected":false},"excerpt":{"rendered":"<p>A reabertura dos espa\u00e7os culturais na cidade seguir\u00e1 um cronograma<\/p>\n","protected":false},"author":28,"featured_media":78492,"comment_status":"closed","ping_status":"closed","sticky":false,"template":"","format":"standard","meta":{"footnotes":""},"categories":[8356,1],"tags":[],"class_list":["post-78490","post","type-post","status-publish","format-standard","has-post-thumbnail","hentry","category-jundiai","category-noticias"],"_links":{"self":[{"href":"https:\/\/tvtecjundiai.com.br\/news\/wp-json\/wp\/v2\/posts\/78490","targetHints":{"allow":["GET"]}}],"collection":[{"href":"https:\/\/tvtecjundiai.com.br\/news\/wp-json\/wp\/v2\/posts"}],"about":[{"href":"https:\/\/tvtecjundiai.com.br\/news\/wp-json\/wp\/v2\/types\/post"}],"author":[{"embeddable":true,"href":"https:\/\/tvtecjundiai.com.br\/news\/wp-json\/wp\/v2\/users\/28"}],"replies":[{"embeddable":true,"href":"https:\/\/tvtecjundiai.com.br\/news\/wp-json\/wp\/v2\/comments?post=78490"}],"version-history":[{"count":3,"href":"https:\/\/tvtecjundiai.com.br\/news\/wp-json\/wp\/v2\/posts\/78490\/revisions"}],"predecessor-version":[{"id":78497,"href":"https:\/\/tvtecjundiai.com.br\/news\/wp-json\/wp\/v2\/posts\/78490\/revisions\/78497"}],"wp:featuredmedia":[{"embeddable":true,"href":"https:\/\/tvtecjundiai.com.br\/news\/wp-json\/wp\/v2\/media\/78492"}],"wp:attachment":[{"href":"https:\/\/tvtecjundiai.com.br\/news\/wp-json\/wp\/v2\/media?parent=78490"}],"wp:term":[{"taxonomy":"category","embeddable":true,"href":"https:\/\/tvtecjundiai.com.br\/news\/wp-json\/wp\/v2\/categories?post=78490"},{"taxonomy":"post_tag","embeddable":true,"href":"https:\/\/tvtecjundiai.com.br\/news\/wp-json\/wp\/v2\/tags?post=78490"}],"curies":[{"name":"wp","href":"https:\/\/api.w.org\/{rel}","templated":true}]}}