{"id":78494,"date":"2021-07-01T13:45:58","date_gmt":"2021-07-01T16:45:58","guid":{"rendered":"https:\/\/tvtecjundiai.com.br\/news\/?p=78494"},"modified":"2021-07-01T13:46:05","modified_gmt":"2021-07-01T16:46:05","slug":"novo-coronavirus-infecta-e-se-replica-em-celulas-das-glandulas-salivares","status":"publish","type":"post","link":"https:\/\/tvtecjundiai.com.br\/news\/2021\/07\/01\/novo-coronavirus-infecta-e-se-replica-em-celulas-das-glandulas-salivares\/","title":{"rendered":"Novo coronav\u00edrus infecta e se replica em c\u00e9lulas das gl\u00e2ndulas salivares"},"content":{"rendered":"\n<p>Pesquisadores da Faculdade de Medicina da Universidade de S\u00e3o Paulo (FM-USP) constataram que o coronav\u00edrus infecta e se replica em c\u00e9lulas das gl\u00e2ndulas salivares.<\/p>\n\n\n\n<p>Por meio de an\u00e1lises de amostras de tr\u00eas tipos de gl\u00e2ndulas salivares, obtidas durante um procedimento de aut\u00f3psia minimamente invasiva em pacientes que morreram em decorr\u00eancia de complica\u00e7\u00f5es da COVID-19 no Hospital das Cl\u00ednicas da FM-USP, eles verificaram que esses tecidos especializados na produ\u00e7\u00e3o e secre\u00e7\u00e3o de saliva s\u00e3o reservat\u00f3rios para o novo coronav\u00edrus. Os resultados do estudo, apoiado pela FAPESP, foram publicados no Journal of Pathology.<\/p>\n\n\n\n<p>As descobertas contribuem para explicar por que o novo coronav\u00edrus \u00e9 encontrado em grandes quantidades na saliva, o que viabilizou a realiza\u00e7\u00e3o de testes para diagn\u00f3sticos da COVID-19 a partir do fluido, frisam os autores do trabalho. &#8220;\u00c9 o primeiro relato de v\u00edrus respirat\u00f3rio capaz de infectar e se replicar nas gl\u00e2ndulas salivares. At\u00e9 ent\u00e3o, acreditava-se que apenas v\u00edrus causadores de doen\u00e7as com preval\u00eancia muito alta, como o da herpes, usavam as gl\u00e2ndulas salivares como reservat\u00f3rio. Isso pode ajudar a explicar por que o SARS-CoV-2 \u00e9 t\u00e3o infeccioso&#8221;, diz Bruno Fernandes Matuck, doutorando na Faculdade de Odontologia da USP e primeiro autor do estudo.<\/p>\n\n\n\n<p>Os pesquisadores j\u00e1 tinham demonstrado, em estudo anterior, a presen\u00e7a de RNA do coronav\u00edrus no tecido periodontal de pacientes que morreram pela doen\u00e7a. Em raz\u00e3o da alta infecciosidade do SARS-CoV-2 quando comparado a outros v\u00edrus respirat\u00f3rios, eles levantaram a hip\u00f3tese de que a COVID poderia infectar e se replicar em c\u00e9lulas das gl\u00e2ndulas salivares e, dessa forma, surgir na saliva sem ter contato com secre\u00e7\u00f5es nasais e pulmonares.<\/p>\n\n\n\n<p>Isso porque estudos internacionais anteriores mostraram que o ducto salivar apresenta o receptor ACE-2, com o qual a prote\u00edna spike do SARS-CoV-2 se liga para infectar as c\u00e9lulas. Mais recentemente, outros grupos de cientistas relataram ter observado em estudos feitos com animais que, al\u00e9m da ACE2, receptores como a serina protease transmembranar 2 (TMPRSS) e a furina, presentes nos tecidos das gl\u00e2ndulas salivares, s\u00e3o alvos do SARS-CoV-2.<\/p>\n\n\n\n<p>A fim de testar essa hip\u00f3tese em humanos, foram feitas bi\u00f3psias guiadas por ultrassom em 24 pacientes que morreram em decorr\u00eancia da COVID-19, com idade m\u00e9dia de 53 anos, para extra\u00e7\u00e3o de amostras de tecidos das gl\u00e2ndulas par\u00f3tida, submandibular e menores.<\/p>\n\n\n\n<p>As amostras dos tecidos foram submetidas a an\u00e1lises moleculares (RT-PCR) para identifica\u00e7\u00e3o da presen\u00e7a do v\u00edrus. Os resultados indicaram a presen\u00e7a do v\u00edrus nos tecidos em mais de dois ter\u00e7os das amostras.<\/p>\n\n\n\n<p>J\u00e1 por meio de marca\u00e7\u00f5es imuno-histoqu\u00edmicas \u2013 em que \u00e9 colocado um corante em uma mol\u00e9cula que se gruda no v\u00edrus e nos receptores \u2013, foi poss\u00edvel observar a presen\u00e7a do v\u00edrus in situ, no interior dos tecidos. E, por meio de microscopia eletr\u00f4nica, foi detectada n\u00e3o s\u00f3 a presen\u00e7a, mas tamb\u00e9m o coronav\u00edrus se replicando nas c\u00e9lulas e identificado o tipo de organela que ele utiliza para essa finalidade.<\/p>\n\n\n\n<p>&#8220;Observamos v\u00e1rios v\u00edrus aglomerados nas c\u00e9lulas das gl\u00e2ndulas salivares \u2013 um indicativo de que est\u00e3o se replicando em seu interior. N\u00e3o estavam presentes nessas c\u00e9lulas passivamente&#8221;, afirma Matuck.<\/p>\n\n\n\n<figure class=\"wp-block-image size-large\"><img loading=\"lazy\" decoding=\"async\" width=\"1200\" height=\"676\" src=\"https:\/\/tvtecjundiai.com.br\/news\/wp-content\/uploads\/sites\/2\/2021\/04\/covid-4-1200x676.png\" alt=\"\" class=\"wp-image-74769\" srcset=\"https:\/\/tvtecjundiai.com.br\/news\/wp-content\/uploads\/sites\/2\/2021\/04\/covid-4-1200x676.png 1200w, https:\/\/tvtecjundiai.com.br\/news\/wp-content\/uploads\/sites\/2\/2021\/04\/covid-4-300x169.png 300w, https:\/\/tvtecjundiai.com.br\/news\/wp-content\/uploads\/sites\/2\/2021\/04\/covid-4-768x433.png 768w, https:\/\/tvtecjundiai.com.br\/news\/wp-content\/uploads\/sites\/2\/2021\/04\/covid-4.png 1280w\" sizes=\"auto, (max-width: 1200px) 100vw, 1200px\" \/><\/figure>\n\n\n\n<p><strong>Boca como porta de entrada direta<\/strong><br>Os pesquisadores pretendem avaliar, agora, se a boca pode ser uma porta de entrada direta do SARS-CoV-2, uma vez que os receptores ACE2 e o TMPRSS s\u00e3o encontrados em v\u00e1rios locais da cavidade, como em tecidos da gengiva e da mucosa bucal. Al\u00e9m disso, a boca tem uma \u00e1rea de contato maior do que a cavidade nasal, apontada como a principal porta de entrada do v\u00edrus.<\/p>\n\n\n\n<p>&#8220;Por meio de uma parceria com pesquisadores da Universidade da Carolina do Norte, dos Estados Unidos, pretendemos mapear a distribui\u00e7\u00e3o desses receptores na boca e quantificar as replica\u00e7\u00f5es virais em tecidos bucais&#8221;, diz Luiz Fernando Ferraz da Silva, professor da FM-USP e coordenador do projeto. &#8220;Pode ser que a boca seja um meio vi\u00e1vel para entrada direta do v\u00edrus&#8221;, estima Matuck.<\/p>\n\n\n\n<p>Outra ideia \u00e9 verificar se idosos possuem mais receptores ACE2 na boca em compara\u00e7\u00e3o com pessoas mais jovens, uma vez que t\u00eam uma diminui\u00e7\u00e3o do fluxo salivar. A despeito disso, os pesquisadores encontraram mesmo em pacientes idosos, que t\u00eam menos tecidos salivares, uma alta carga viral.<\/p>\n\n\n\n<p>&#8220;Esses pacientes quase n\u00e3o tinham tecido salivar, era quase tudo tecido gorduroso. Mas, mesmo assim, ainda apresentavam uma carga viral relativamente alta&#8221;, relata Matuck.<\/p>\n\n\n\n<p><em>(Texto: Estad\u00e3o\/Imagem: TVTEC)<\/em><\/p>\n","protected":false},"excerpt":{"rendered":"<p>&#8220;Isso pode ajudar a explicar por que o SARS-CoV-2 \u00e9 t\u00e3o infeccioso&#8221;, diz um dos pesquisadores<\/p>\n","protected":false},"author":28,"featured_media":74769,"comment_status":"closed","ping_status":"closed","sticky":false,"template":"","format":"standard","meta":{"footnotes":""},"categories":[8356,1],"tags":[],"class_list":["post-78494","post","type-post","status-publish","format-standard","has-post-thumbnail","hentry","category-jundiai","category-noticias"],"_links":{"self":[{"href":"https:\/\/tvtecjundiai.com.br\/news\/wp-json\/wp\/v2\/posts\/78494","targetHints":{"allow":["GET"]}}],"collection":[{"href":"https:\/\/tvtecjundiai.com.br\/news\/wp-json\/wp\/v2\/posts"}],"about":[{"href":"https:\/\/tvtecjundiai.com.br\/news\/wp-json\/wp\/v2\/types\/post"}],"author":[{"embeddable":true,"href":"https:\/\/tvtecjundiai.com.br\/news\/wp-json\/wp\/v2\/users\/28"}],"replies":[{"embeddable":true,"href":"https:\/\/tvtecjundiai.com.br\/news\/wp-json\/wp\/v2\/comments?post=78494"}],"version-history":[{"count":1,"href":"https:\/\/tvtecjundiai.com.br\/news\/wp-json\/wp\/v2\/posts\/78494\/revisions"}],"predecessor-version":[{"id":78495,"href":"https:\/\/tvtecjundiai.com.br\/news\/wp-json\/wp\/v2\/posts\/78494\/revisions\/78495"}],"wp:featuredmedia":[{"embeddable":true,"href":"https:\/\/tvtecjundiai.com.br\/news\/wp-json\/wp\/v2\/media\/74769"}],"wp:attachment":[{"href":"https:\/\/tvtecjundiai.com.br\/news\/wp-json\/wp\/v2\/media?parent=78494"}],"wp:term":[{"taxonomy":"category","embeddable":true,"href":"https:\/\/tvtecjundiai.com.br\/news\/wp-json\/wp\/v2\/categories?post=78494"},{"taxonomy":"post_tag","embeddable":true,"href":"https:\/\/tvtecjundiai.com.br\/news\/wp-json\/wp\/v2\/tags?post=78494"}],"curies":[{"name":"wp","href":"https:\/\/api.w.org\/{rel}","templated":true}]}}