{"id":78498,"date":"2021-07-01T14:24:08","date_gmt":"2021-07-01T17:24:08","guid":{"rendered":"https:\/\/tvtecjundiai.com.br\/news\/?p=78498"},"modified":"2021-07-01T14:24:12","modified_gmt":"2021-07-01T17:24:12","slug":"alunos-do-terceiro-ano-de-escola-municipal-desenham-amarelinhas-nas-calcadas-do-iprejun","status":"publish","type":"post","link":"https:\/\/tvtecjundiai.com.br\/news\/2021\/07\/01\/alunos-do-terceiro-ano-de-escola-municipal-desenham-amarelinhas-nas-calcadas-do-iprejun\/","title":{"rendered":"Alunos do terceiro ano de escola municipal desenham amarelinhas nas cal\u00e7adas do IPREJUN"},"content":{"rendered":"\n<p>As cal\u00e7adas internas do novo pr\u00e9dio do Instituto de Previd\u00eancia do Munic\u00edpio (IPREJUN) ganharam mais cor. Na manh\u00e3 desta quinta-feira (01), alunos dos terceiros anos da EMEB Professor Adelino Brand\u00e3o foram os artistas respons\u00e1veis por personalizar as oito amarelinhas pintadas no espa\u00e7o com diferentes temas: brinquedos e brincadeiras, instrumentos musicais, elementos da natureza, animais aqu\u00e1ticos, conto de fadas (Os tr\u00eas porquinhos), P\u00e9 de Inf\u00e2ncia, al\u00e9m da j\u00e1 conhecida com os n\u00fameros.&nbsp;<\/p>\n\n\n\n<p>A iniciativa de convidar as crian\u00e7as para a personaliza\u00e7\u00e3o partiu do diretor-presidente do Instituto, Jo\u00e3o Carlos Figueiredo. \u201cJundia\u00ed \u00e9 a Cidade das Crian\u00e7as e, apesar de atendermos um p\u00fablico mais de idosos, muitos chegam acompanhados dos netos. Ent\u00e3o pensamos em fazer a pintura das amarelinhas e convidar os alunos da Educa\u00e7\u00e3o. Al\u00e9m disso, o novo pr\u00e9dio fica em frente a uma escola e vamos deixar os port\u00f5es abertos para que as crian\u00e7as possam vir e brincar\u201d, afirma.\u00a0<\/p>\n\n\n\n<figure class=\"wp-block-image size-large\"><img loading=\"lazy\" decoding=\"async\" width=\"1200\" height=\"800\" src=\"https:\/\/tvtecjundiai.com.br\/news\/wp-content\/uploads\/sites\/2\/2021\/07\/pintura-de-amarelinha-no-iprejun_b_-19-1200x800.jpg\" alt=\"\" class=\"wp-image-78499\" srcset=\"https:\/\/tvtecjundiai.com.br\/news\/wp-content\/uploads\/sites\/2\/2021\/07\/pintura-de-amarelinha-no-iprejun_b_-19-1200x800.jpg 1200w, https:\/\/tvtecjundiai.com.br\/news\/wp-content\/uploads\/sites\/2\/2021\/07\/pintura-de-amarelinha-no-iprejun_b_-19-300x200.jpg 300w, https:\/\/tvtecjundiai.com.br\/news\/wp-content\/uploads\/sites\/2\/2021\/07\/pintura-de-amarelinha-no-iprejun_b_-19-768x512.jpg 768w, https:\/\/tvtecjundiai.com.br\/news\/wp-content\/uploads\/sites\/2\/2021\/07\/pintura-de-amarelinha-no-iprejun_b_-19.jpg 1280w\" sizes=\"auto, (max-width: 1200px) 100vw, 1200px\" \/><figcaption>Molde manteve o tra\u00e7o do desenho das crian\u00e7as<\/figcaption><\/figure>\n\n\n\n<p>Os seis diferentes temas foram escolhidos pelos n\u00facleos de artes e educa\u00e7\u00e3o f\u00edsica da Unidade de Gest\u00e3o de Educa\u00e7\u00e3o (UGE). Durante as atividades escolares os estudantes produziram o desenho, que foi transformado em um molde. \u201cTivemos o cuidado de manter o tra\u00e7o da crian\u00e7a, para que eles identificassem os desenhos\u201d, contou a supervisora do n\u00facleo de artes, Mazu Gon\u00e7alves.&nbsp;<\/p>\n\n\n\n<p>Animado com a pintura, Thiego Henrique Lopes Alvarez, do 3\u00ba A, disse que gostou muito de fazer os desenhos na escola. \u201cFiz seis desenhos e foi divertido. No futuro, poderemos visitar, olhar e pensar que n\u00f3s fizemos esse desenho\u201d, contou o garoto que ainda passou um recado para os adultos que visitarem o novo pr\u00e9dio do IPREJUN. \u201cTodos podem brincar na amarelinha, n\u00e3o tem idade para ser crian\u00e7a. S\u00f3 porque \u00e9 adulto e adolescente n\u00e3o quer dizer que voc\u00ea n\u00e3o pode ser divertido. N\u00e3o importa a idade da felicidade\u201d, sugeriu.\u00a0<\/p>\n\n\n\n<figure class=\"wp-block-image size-large\"><img loading=\"lazy\" decoding=\"async\" width=\"1200\" height=\"801\" src=\"https:\/\/tvtecjundiai.com.br\/news\/wp-content\/uploads\/sites\/2\/2021\/07\/pintura-de-amarelinha-no-iprejun_b_-54-1200x801.jpg\" alt=\"\" class=\"wp-image-78500\" srcset=\"https:\/\/tvtecjundiai.com.br\/news\/wp-content\/uploads\/sites\/2\/2021\/07\/pintura-de-amarelinha-no-iprejun_b_-54-1200x801.jpg 1200w, https:\/\/tvtecjundiai.com.br\/news\/wp-content\/uploads\/sites\/2\/2021\/07\/pintura-de-amarelinha-no-iprejun_b_-54-300x200.jpg 300w, https:\/\/tvtecjundiai.com.br\/news\/wp-content\/uploads\/sites\/2\/2021\/07\/pintura-de-amarelinha-no-iprejun_b_-54-768x512.jpg 768w, https:\/\/tvtecjundiai.com.br\/news\/wp-content\/uploads\/sites\/2\/2021\/07\/pintura-de-amarelinha-no-iprejun_b_-54.jpg 1280w\" sizes=\"auto, (max-width: 1200px) 100vw, 1200px\" \/><figcaption>Thiego convida os adultos a tamb\u00e9m brincarem nas amarelinhas<\/figcaption><\/figure>\n\n\n\n<p>A gestora de Educa\u00e7\u00e3o, Vast\u00ed Ferrari Marques acompanhou a atividade e comemorou mais uma a\u00e7\u00e3o realizada entre as plataformas da atual gest\u00e3o e pela Escola Inovadora. \u201cEssa ideia do IPREJUN mostra que as unidades atuam em conjunto pelo bem comum e principalmente das crian\u00e7as. Esse \u00e9 um trabalho de valoriza\u00e7\u00e3o, de reconhecimento do protagonismo dos nossos meninos e meninas e tamb\u00e9m da popula\u00e7\u00e3o. Certamente os pais e familiares dos estudantes visitar\u00e3o o espa\u00e7o para ver o trabalho feito pelas crian\u00e7as, o que resulta na apropria\u00e7\u00e3o dos pr\u00f3prios p\u00fablicos pelas pessoas\u201d, comentou Vast\u00ed.\u00a0<\/p>\n\n\n\n<figure class=\"wp-block-image size-large\"><img loading=\"lazy\" decoding=\"async\" width=\"1200\" height=\"800\" src=\"https:\/\/tvtecjundiai.com.br\/news\/wp-content\/uploads\/sites\/2\/2021\/07\/pintura-de-amarelinha-no-iprejun_b_-83-1200x800.jpg\" alt=\"\" class=\"wp-image-78501\" srcset=\"https:\/\/tvtecjundiai.com.br\/news\/wp-content\/uploads\/sites\/2\/2021\/07\/pintura-de-amarelinha-no-iprejun_b_-83-1200x800.jpg 1200w, https:\/\/tvtecjundiai.com.br\/news\/wp-content\/uploads\/sites\/2\/2021\/07\/pintura-de-amarelinha-no-iprejun_b_-83-300x200.jpg 300w, https:\/\/tvtecjundiai.com.br\/news\/wp-content\/uploads\/sites\/2\/2021\/07\/pintura-de-amarelinha-no-iprejun_b_-83-768x512.jpg 768w, https:\/\/tvtecjundiai.com.br\/news\/wp-content\/uploads\/sites\/2\/2021\/07\/pintura-de-amarelinha-no-iprejun_b_-83.jpg 1280w\" sizes=\"auto, (max-width: 1200px) 100vw, 1200px\" \/><figcaption>Crian\u00e7as personalizaram as amarelinhas nas cal\u00e7adas do novo pr\u00e9dio do IPREJUN<\/figcaption><\/figure>\n\n\n\n<p><em>(Texto\/Imagem: Prefeitura de Jundia\u00ed)<\/em><\/p>\n","protected":false},"excerpt":{"rendered":"<p>Alunos da EMEB Professor Adelino Brand\u00e3o foram os artistas respons\u00e1veis por personalizar as amarelinhas<\/p>\n","protected":false},"author":28,"featured_media":78499,"comment_status":"closed","ping_status":"closed","sticky":false,"template":"","format":"standard","meta":{"footnotes":""},"categories":[8356,1],"tags":[],"class_list":["post-78498","post","type-post","status-publish","format-standard","has-post-thumbnail","hentry","category-jundiai","category-noticias"],"_links":{"self":[{"href":"https:\/\/tvtecjundiai.com.br\/news\/wp-json\/wp\/v2\/posts\/78498","targetHints":{"allow":["GET"]}}],"collection":[{"href":"https:\/\/tvtecjundiai.com.br\/news\/wp-json\/wp\/v2\/posts"}],"about":[{"href":"https:\/\/tvtecjundiai.com.br\/news\/wp-json\/wp\/v2\/types\/post"}],"author":[{"embeddable":true,"href":"https:\/\/tvtecjundiai.com.br\/news\/wp-json\/wp\/v2\/users\/28"}],"replies":[{"embeddable":true,"href":"https:\/\/tvtecjundiai.com.br\/news\/wp-json\/wp\/v2\/comments?post=78498"}],"version-history":[{"count":1,"href":"https:\/\/tvtecjundiai.com.br\/news\/wp-json\/wp\/v2\/posts\/78498\/revisions"}],"predecessor-version":[{"id":78502,"href":"https:\/\/tvtecjundiai.com.br\/news\/wp-json\/wp\/v2\/posts\/78498\/revisions\/78502"}],"wp:featuredmedia":[{"embeddable":true,"href":"https:\/\/tvtecjundiai.com.br\/news\/wp-json\/wp\/v2\/media\/78499"}],"wp:attachment":[{"href":"https:\/\/tvtecjundiai.com.br\/news\/wp-json\/wp\/v2\/media?parent=78498"}],"wp:term":[{"taxonomy":"category","embeddable":true,"href":"https:\/\/tvtecjundiai.com.br\/news\/wp-json\/wp\/v2\/categories?post=78498"},{"taxonomy":"post_tag","embeddable":true,"href":"https:\/\/tvtecjundiai.com.br\/news\/wp-json\/wp\/v2\/tags?post=78498"}],"curies":[{"name":"wp","href":"https:\/\/api.w.org\/{rel}","templated":true}]}}