{"id":78503,"date":"2021-07-01T14:29:48","date_gmt":"2021-07-01T17:29:48","guid":{"rendered":"https:\/\/tvtecjundiai.com.br\/news\/?p=78503"},"modified":"2021-07-01T14:29:52","modified_gmt":"2021-07-01T17:29:52","slug":"mundo-das-criancas-conta-com-setor-de-achados-e-perdidos","status":"publish","type":"post","link":"https:\/\/tvtecjundiai.com.br\/news\/2021\/07\/01\/mundo-das-criancas-conta-com-setor-de-achados-e-perdidos\/","title":{"rendered":"Mundo das Crian\u00e7as conta com setor de Achados e Perdidos"},"content":{"rendered":"\n<p>O Mundo das Crian\u00e7as, espa\u00e7o inovador localizado \u00e0s margens da represa de Acumula\u00e7\u00e3o, oferece aos visitantes um setor de Achados e Perdidos, que fica na administra\u00e7\u00e3o. Chaves, \u00f3culos escuros e de grau, al\u00e9m de documentos, est\u00e3o entre os itens mais perdidos.<\/p>\n\n\n\n<figure class=\"wp-block-image size-large\"><img loading=\"lazy\" decoding=\"async\" width=\"1040\" height=\"780\" src=\"https:\/\/tvtecjundiai.com.br\/news\/wp-content\/uploads\/sites\/2\/2021\/07\/whatsapp-image-2021-06-30-at-13-59-23.jpeg\" alt=\"\" class=\"wp-image-78504\" srcset=\"https:\/\/tvtecjundiai.com.br\/news\/wp-content\/uploads\/sites\/2\/2021\/07\/whatsapp-image-2021-06-30-at-13-59-23.jpeg 1040w, https:\/\/tvtecjundiai.com.br\/news\/wp-content\/uploads\/sites\/2\/2021\/07\/whatsapp-image-2021-06-30-at-13-59-23-300x225.jpeg 300w, https:\/\/tvtecjundiai.com.br\/news\/wp-content\/uploads\/sites\/2\/2021\/07\/whatsapp-image-2021-06-30-at-13-59-23-768x576.jpeg 768w\" sizes=\"auto, (max-width: 1040px) 100vw, 1040px\" \/><figcaption>As pe\u00e7as s\u00e3o encaminhadas ao Fundo Social de Solidariedade para doa\u00e7\u00e3o, ap\u00f3s 60 dias<\/figcaption><\/figure>\n\n\n\n<p>Celular, toalha, cal\u00e7ados, pe\u00e7as de roupa, garrafas de \u00e1gua, carteira e fones de ouvido tamb\u00e9m j\u00e1 foram encontrados pela equipe de seguran\u00e7a do Mundo. \u201cEsse \u00e9 mais um servi\u00e7o que prestamos aos visitantes para facilitar a busca pelo objeto perdido e evitar poss\u00edveis desvios nas devolu\u00e7\u00f5es dos itens\u201d, destaca o assessor Luiz Trientini.<\/p>\n\n\n\n<p>Para a retirada dos itens, no caso de documentos pessoais, o titular deve apresentar um documento com foto. Com rela\u00e7\u00e3o aos objetos eletr\u00f4nicos, como medida de seguran\u00e7a, \u00e9 necess\u00e1rio o desbloqueio da senha do equipamento e, para outros pertences, a comprova\u00e7\u00e3o \u00e9 feita pela descri\u00e7\u00e3o dos artigos.<\/p>\n\n\n\n<p>As pe\u00e7as ficam guardadas por at\u00e9 60 dias. Ap\u00f3s este per\u00edodo, s\u00e3o encaminhadas ao Fundo Social de Solidariedade para doa\u00e7\u00e3o.<\/p>\n\n\n\n<p>Integrado com o Mundo das Crian\u00e7as, o setor de Achados e Perdidos do Parque da Cidade tamb\u00e9m funciona na administra\u00e7\u00e3o, no hor\u00e1rio de segunda a sexta-feira, das 8 \u00e0s 17 horas.<\/p>\n\n\n\n<p><strong>Agendamento<\/strong><\/p>\n\n\n\n<p>Para conhecer o Mundo das Crian\u00e7as, \u00e9 necess\u00e1rio realizar o agendamento no site&nbsp;<a href=\"http:\/\/www.mundodascriancasjundiai.com.br\/\" target=\"_blank\" rel=\"noreferrer noopener\">www.mundodascriancasjundiai.com.br<\/a>. S\u00e3o dois per\u00edodos dispon\u00edveis, de ter\u00e7a a domingo: pela manh\u00e3, das 7 \u00e0s 12 horas, ou \u00e0 tarde, das 13 \u00e0s 17 horas. Cada pessoa pode reservar um total de 5 visitas por CPF.<\/p>\n\n\n\n<p>A entrada e sa\u00edda s\u00e3o realizadas pela portaria do Mundo das Crian\u00e7as (rodovia Jo\u00e3o Cereser, pista Sul, km 64+400, bairro Pinheirinho). O uso de m\u00e1scara \u00e9 obrigat\u00f3rio durante todo o tempo de perman\u00eancia no local. Mais informa\u00e7\u00f5es podem ser obtidas pelos telefones (11) 4522-0499 e 4522-0766.<\/p>\n\n\n\n<p><em>(Texto\/Imagem: Prefeitura de Jundia\u00ed)<\/em><\/p>\n","protected":false},"excerpt":{"rendered":"<p>Chaves, \u00f3culos escuros e de grau, al\u00e9m de documentos, est\u00e3o entre os itens mais perdidos<\/p>\n","protected":false},"author":28,"featured_media":78504,"comment_status":"closed","ping_status":"closed","sticky":false,"template":"","format":"standard","meta":{"footnotes":""},"categories":[8356,1],"tags":[],"class_list":["post-78503","post","type-post","status-publish","format-standard","has-post-thumbnail","hentry","category-jundiai","category-noticias"],"_links":{"self":[{"href":"https:\/\/tvtecjundiai.com.br\/news\/wp-json\/wp\/v2\/posts\/78503","targetHints":{"allow":["GET"]}}],"collection":[{"href":"https:\/\/tvtecjundiai.com.br\/news\/wp-json\/wp\/v2\/posts"}],"about":[{"href":"https:\/\/tvtecjundiai.com.br\/news\/wp-json\/wp\/v2\/types\/post"}],"author":[{"embeddable":true,"href":"https:\/\/tvtecjundiai.com.br\/news\/wp-json\/wp\/v2\/users\/28"}],"replies":[{"embeddable":true,"href":"https:\/\/tvtecjundiai.com.br\/news\/wp-json\/wp\/v2\/comments?post=78503"}],"version-history":[{"count":1,"href":"https:\/\/tvtecjundiai.com.br\/news\/wp-json\/wp\/v2\/posts\/78503\/revisions"}],"predecessor-version":[{"id":78505,"href":"https:\/\/tvtecjundiai.com.br\/news\/wp-json\/wp\/v2\/posts\/78503\/revisions\/78505"}],"wp:featuredmedia":[{"embeddable":true,"href":"https:\/\/tvtecjundiai.com.br\/news\/wp-json\/wp\/v2\/media\/78504"}],"wp:attachment":[{"href":"https:\/\/tvtecjundiai.com.br\/news\/wp-json\/wp\/v2\/media?parent=78503"}],"wp:term":[{"taxonomy":"category","embeddable":true,"href":"https:\/\/tvtecjundiai.com.br\/news\/wp-json\/wp\/v2\/categories?post=78503"},{"taxonomy":"post_tag","embeddable":true,"href":"https:\/\/tvtecjundiai.com.br\/news\/wp-json\/wp\/v2\/tags?post=78503"}],"curies":[{"name":"wp","href":"https:\/\/api.w.org\/{rel}","templated":true}]}}