{"id":78510,"date":"2021-07-01T16:51:12","date_gmt":"2021-07-01T19:51:12","guid":{"rendered":"https:\/\/tvtecjundiai.com.br\/news\/?p=78510"},"modified":"2021-07-01T16:51:17","modified_gmt":"2021-07-01T19:51:17","slug":"fundo-social-de-jundiai-abre-inscricoes-para-dois-cursos-presenciais","status":"publish","type":"post","link":"https:\/\/tvtecjundiai.com.br\/news\/2021\/07\/01\/fundo-social-de-jundiai-abre-inscricoes-para-dois-cursos-presenciais\/","title":{"rendered":"Fundo Social de Jundia\u00ed abre inscri\u00e7\u00f5es para dois cursos presenciais"},"content":{"rendered":"\n<p>O Fundo Social de Solidariedade de Jundia\u00ed (Funss) abre, nesta quinta-feira (01) inscri\u00e7\u00f5es para os cursos presenciais de \u2018Eletricista Instalador Residencial\u201d, em parceria com o Centro Paula Souza (CPS), e de \u2018Customiza\u00e7\u00e3o e Conserto de Roupas\u2019. Poder\u00e3o participar pessoas com 16 anos ou mais, residentes em Jundia\u00ed e que tenham o Ensino Fundamental completo.<\/p>\n\n\n\n<p>As matr\u00edculas dever\u00e3o ser realizadas pela internet, por meio dos links abaixo, at\u00e9 esta sexta-feira (02) ou enquanto houver vagas dispon\u00edveis. O crit\u00e9rio de preenchimento das vagas \u00e9 a ordem de envio do formul\u00e1rio, que considera hora, minuto e segundo. Os nomes dos alunos matriculados ser\u00e3o divulgados no site da Prefeitura de Jundia\u00ed e dados detalhados ser\u00e3o repassados por meio do contato de WhatsApp informado no ato da inscri\u00e7\u00e3o. As fichas n\u00e3o contempladas est\u00e3o, automaticamente, na lista de espera e poder\u00e3o ser convocadas em caso de desist\u00eancia.<\/p>\n\n\n\n<p>Veja o cronograma:<\/p>\n\n\n\n<p><strong>Curso:&nbsp;Eletricista Instalador Residencial<\/strong><\/p>\n\n\n\n<p>Parceiro: Centro Paula Souza<\/p>\n\n\n\n<p>Datas do curso: 12\/07\/2021 a 29\/07\/2021<\/p>\n\n\n\n<p>Hor\u00e1rio: 18h \u00e0s 22h<\/p>\n\n\n\n<p>Dias de aula: 2\u00aa a 5\u00aa feira<\/p>\n\n\n\n<p>Local: Fundo Social<\/p>\n\n\n\n<p>Vagas: 25 vagas<\/p>\n\n\n\n<p>Idade m\u00ednima&nbsp;16 anos e Ensino Fundamental<\/p>\n\n\n\n<p>Link para inscri\u00e7\u00e3o:&nbsp;<a rel=\"noreferrer noopener\" href=\"https:\/\/forms.gle\/6qNuwEfQ8ipjAa7R6\" target=\"_blank\">https:\/\/forms.gle\/6qNuwEfQ8ipjAa7R6<\/a><\/p>\n\n\n\n<p><strong>Curso:&nbsp;Customiza\u00e7\u00e3o e Conserto de Roupas<\/strong><\/p>\n\n\n\n<p>Datas do curso: 12\/07 a 30\/07\/2021&nbsp;<\/p>\n\n\n\n<p>Hor\u00e1rio: 13h \u00e0s 17h<\/p>\n\n\n\n<p>Dias de aula: 2\u00aa a 6\u00aa feira<\/p>\n\n\n\n<p>Local: Fundo Social<\/p>\n\n\n\n<p>Vagas: 10 vagas<\/p>\n\n\n\n<p>Idade m\u00ednima 16 anos e Ensino Fundamental&nbsp;<\/p>\n\n\n\n<p>Link para inscri\u00e7\u00e3o:&nbsp;<a href=\"https:\/\/forms.gle\/AYPt74VvSBGnoSkL9\" target=\"_blank\" rel=\"noreferrer noopener\">https:\/\/forms.gle\/AYPt74VvSBGnoSkL9<\/a><\/p>\n\n\n\n<p>Por se tratar de um curso de qualifica\u00e7\u00e3o profissional presencial, ser\u00e3o seguidas todas as normas de seguran\u00e7a sanit\u00e1rias como distanciamento social, capacidade m\u00e1xima da sala e uso de \u00e1lcool em gel, entre outros. O uso de m\u00e1scara \u00e9 obrigat\u00f3rio. N\u00e3o ser\u00e1 permitida a entrada e a perman\u00eancia de alunos sem m\u00e1scara.<\/p>\n\n\n\n<p>As aulas dos cursos presenciais de \u2018Eletricista Instalador Residencial\u201d, em parceria com o Centro Paula Souza (CPS), e de \u2018Customiza\u00e7\u00e3o e Conserto de Roupas\u2019 ser\u00e3o realizadas na sede do Fundo Social, dentro do Parque da Uva. O acesso \u00e9 pela avenida Dona Manoela Lacerda de Vergueiro, s\/n, port\u00e3o 03, bairro Anhangaba\u00fa. O funcionamento da unidade \u00e9 de segunda a sexta-feira, das 8h \u00e0s 17h, exceto feriados. Informa\u00e7\u00f5es: (11) 4521-2762, 4521-2929 e 4521-6833.<\/p>\n\n\n\n<figure class=\"wp-block-image size-large\"><img loading=\"lazy\" decoding=\"async\" width=\"1200\" height=\"800\" src=\"https:\/\/tvtecjundiai.com.br\/news\/wp-content\/uploads\/sites\/2\/2021\/07\/corte-e-costura-3-1200x800.jpg\" alt=\"\" class=\"wp-image-78511\" srcset=\"https:\/\/tvtecjundiai.com.br\/news\/wp-content\/uploads\/sites\/2\/2021\/07\/corte-e-costura-3-1200x800.jpg 1200w, https:\/\/tvtecjundiai.com.br\/news\/wp-content\/uploads\/sites\/2\/2021\/07\/corte-e-costura-3-300x200.jpg 300w, https:\/\/tvtecjundiai.com.br\/news\/wp-content\/uploads\/sites\/2\/2021\/07\/corte-e-costura-3-768x512.jpg 768w, https:\/\/tvtecjundiai.com.br\/news\/wp-content\/uploads\/sites\/2\/2021\/07\/corte-e-costura-3.jpg 1280w\" sizes=\"auto, (max-width: 1200px) 100vw, 1200px\" \/><\/figure>\n\n\n\n<p><em>(Texto\/Imagem: Prefeitura de Jundia\u00ed)<\/em><\/p>\n","protected":false},"excerpt":{"rendered":"<p>Entre os cursos oferecidos est\u00e3o para eletricista instalador residencial e customiza\u00e7\u00e3o e conserto de roupas<\/p>\n","protected":false},"author":28,"featured_media":78511,"comment_status":"closed","ping_status":"closed","sticky":false,"template":"","format":"standard","meta":{"footnotes":""},"categories":[8356,1],"tags":[],"class_list":["post-78510","post","type-post","status-publish","format-standard","has-post-thumbnail","hentry","category-jundiai","category-noticias"],"_links":{"self":[{"href":"https:\/\/tvtecjundiai.com.br\/news\/wp-json\/wp\/v2\/posts\/78510","targetHints":{"allow":["GET"]}}],"collection":[{"href":"https:\/\/tvtecjundiai.com.br\/news\/wp-json\/wp\/v2\/posts"}],"about":[{"href":"https:\/\/tvtecjundiai.com.br\/news\/wp-json\/wp\/v2\/types\/post"}],"author":[{"embeddable":true,"href":"https:\/\/tvtecjundiai.com.br\/news\/wp-json\/wp\/v2\/users\/28"}],"replies":[{"embeddable":true,"href":"https:\/\/tvtecjundiai.com.br\/news\/wp-json\/wp\/v2\/comments?post=78510"}],"version-history":[{"count":1,"href":"https:\/\/tvtecjundiai.com.br\/news\/wp-json\/wp\/v2\/posts\/78510\/revisions"}],"predecessor-version":[{"id":78512,"href":"https:\/\/tvtecjundiai.com.br\/news\/wp-json\/wp\/v2\/posts\/78510\/revisions\/78512"}],"wp:featuredmedia":[{"embeddable":true,"href":"https:\/\/tvtecjundiai.com.br\/news\/wp-json\/wp\/v2\/media\/78511"}],"wp:attachment":[{"href":"https:\/\/tvtecjundiai.com.br\/news\/wp-json\/wp\/v2\/media?parent=78510"}],"wp:term":[{"taxonomy":"category","embeddable":true,"href":"https:\/\/tvtecjundiai.com.br\/news\/wp-json\/wp\/v2\/categories?post=78510"},{"taxonomy":"post_tag","embeddable":true,"href":"https:\/\/tvtecjundiai.com.br\/news\/wp-json\/wp\/v2\/tags?post=78510"}],"curies":[{"name":"wp","href":"https:\/\/api.w.org\/{rel}","templated":true}]}}