{"id":78523,"date":"2021-07-02T09:45:19","date_gmt":"2021-07-02T12:45:19","guid":{"rendered":"https:\/\/tvtecjundiai.com.br\/news\/?p=78523"},"modified":"2021-07-02T09:45:20","modified_gmt":"2021-07-02T12:45:20","slug":"vacinacao-avanca-obitos-por-covid-19-caem-e-utis-tem-lotacao-menor-mostra-boletim-da-fiocruz","status":"publish","type":"post","link":"https:\/\/tvtecjundiai.com.br\/news\/2021\/07\/02\/vacinacao-avanca-obitos-por-covid-19-caem-e-utis-tem-lotacao-menor-mostra-boletim-da-fiocruz\/","title":{"rendered":"Vacina\u00e7\u00e3o avan\u00e7a, \u00f3bitos por COVID-19 caem e UTIs t\u00eam lota\u00e7\u00e3o menor, mostra boletim da Fiocruz"},"content":{"rendered":"\n<p>Nova edi\u00e7\u00e3o do Boletim Observat\u00f3rio COVID-19\/Fiocruz confirma a tend\u00eancia de melhora nas taxas de ocupa\u00e7\u00e3o de leitos de terapia intensiva (UTIs) no Pa\u00eds. O avan\u00e7o da vacina\u00e7\u00e3o, sobretudo nos grupos mais vulner\u00e1veis, explicaria o quadro. Nesta quinta-feira, 1\u00ba, conforme os dados do cons\u00f3rcio da imprensa, que inclui o Estad\u00e3o, o Pa\u00eds alcan\u00e7ou 100 milh\u00f5es de doses de vacinas aplicadas \u2013 do total, 26.580.585 completaram o esquema vacinal, com duas doses ou dose \u00fanica (12,55% da popula\u00e7\u00e3o).<\/p>\n\n\n\n<p>Al\u00e9m disso, os registros de v\u00edtimas est\u00e3o em queda h\u00e1 12 dias consecutivos. A m\u00e9dia m\u00f3vel \u00e9 a mais baixa desde 8 de mar\u00e7o e, em rela\u00e7\u00e3o a 14 dias atr\u00e1s, o dado apresentou redu\u00e7\u00e3o de 24%, conforme o cons\u00f3rcio. Nesta quinta, foram relatados 1.943 \u00f3bitos e o total chegou a 520.189. O estudo da Fiocruz tamb\u00e9m indicou uma ligeira queda no n\u00famero de casos (0,2%) e mortes (2,5%) por dia, ainda que a transmiss\u00e3o continue em patamares muito altos \u2013 superiores aos registrados no mesmo per\u00edodo do ano passado.<\/p>\n\n\n\n<div class=\"wp-block-image\"><figure class=\"aligncenter size-large\"><img loading=\"lazy\" decoding=\"async\" width=\"1200\" height=\"800\" src=\"https:\/\/tvtecjundiai.com.br\/news\/wp-content\/uploads\/sites\/2\/2021\/07\/51166330989_7212da256f_o-1200x800.jpg\" alt=\"\" class=\"wp-image-78524\" srcset=\"https:\/\/tvtecjundiai.com.br\/news\/wp-content\/uploads\/sites\/2\/2021\/07\/51166330989_7212da256f_o-1200x800.jpg 1200w, https:\/\/tvtecjundiai.com.br\/news\/wp-content\/uploads\/sites\/2\/2021\/07\/51166330989_7212da256f_o-300x200.jpg 300w, https:\/\/tvtecjundiai.com.br\/news\/wp-content\/uploads\/sites\/2\/2021\/07\/51166330989_7212da256f_o-768x512.jpg 768w, https:\/\/tvtecjundiai.com.br\/news\/wp-content\/uploads\/sites\/2\/2021\/07\/51166330989_7212da256f_o.jpg 1280w\" sizes=\"auto, (max-width: 1200px) 100vw, 1200px\" \/><\/figure><\/div>\n\n\n\n<p>Apenas tr\u00eas Estados apresentam taxas de ocupa\u00e7\u00e3o de leitos iguais ou superiores a 90%: Tocantins, Paran\u00e1 e Santa Catarina. Outros 15 (Amazonas, Mato Grosso, Par\u00e1, Minas Gerais, Rio de Janeiro, Esp\u00edrito Santo, Rio Grande do Sul, S\u00e3o Paulo, Maranh\u00e3o, Cear\u00e1, Piau\u00ed, Pernambuco, Bahia, Rio Grande do Norte e Alagoas) est\u00e3o na zona de alerta intermedi\u00e1rio, com \u00edndices de ocupa\u00e7\u00e3o variando entre 60% e 80%. Fora da zona de alerta est\u00e3o Rond\u00f4nia, Acre, Amap\u00e1 e Para\u00edba, com ocupa\u00e7\u00e3o de leitos de UTI inferior a 60%.<\/p>\n\n\n\n<p>Desde abril, a curva de \u00f3bitos mostra uma trajet\u00f3ria levemente descendente, diferentemente do padr\u00e3o observado nos \u00edndices de transmiss\u00e3o do v\u00edrus, que est\u00e3o em alta desde fevereiro \u2013 o que faz com que a pandemia ainda seja considerada fora de controle.<\/p>\n\n\n\n<p><em>(Fonte: Estad\u00e3o\/Imagem: Prefeitura de Jundia\u00ed)<\/em><\/p>\n","protected":false},"excerpt":{"rendered":"<p>Pa\u00eds alcan\u00e7ou 100 milh\u00f5es de aplica\u00e7\u00f5es de vacinas.<\/p>\n","protected":false},"author":25,"featured_media":78524,"comment_status":"closed","ping_status":"closed","sticky":false,"template":"","format":"standard","meta":{"footnotes":""},"categories":[1],"tags":[],"class_list":["post-78523","post","type-post","status-publish","format-standard","has-post-thumbnail","hentry","category-noticias"],"_links":{"self":[{"href":"https:\/\/tvtecjundiai.com.br\/news\/wp-json\/wp\/v2\/posts\/78523","targetHints":{"allow":["GET"]}}],"collection":[{"href":"https:\/\/tvtecjundiai.com.br\/news\/wp-json\/wp\/v2\/posts"}],"about":[{"href":"https:\/\/tvtecjundiai.com.br\/news\/wp-json\/wp\/v2\/types\/post"}],"author":[{"embeddable":true,"href":"https:\/\/tvtecjundiai.com.br\/news\/wp-json\/wp\/v2\/users\/25"}],"replies":[{"embeddable":true,"href":"https:\/\/tvtecjundiai.com.br\/news\/wp-json\/wp\/v2\/comments?post=78523"}],"version-history":[{"count":1,"href":"https:\/\/tvtecjundiai.com.br\/news\/wp-json\/wp\/v2\/posts\/78523\/revisions"}],"predecessor-version":[{"id":78525,"href":"https:\/\/tvtecjundiai.com.br\/news\/wp-json\/wp\/v2\/posts\/78523\/revisions\/78525"}],"wp:featuredmedia":[{"embeddable":true,"href":"https:\/\/tvtecjundiai.com.br\/news\/wp-json\/wp\/v2\/media\/78524"}],"wp:attachment":[{"href":"https:\/\/tvtecjundiai.com.br\/news\/wp-json\/wp\/v2\/media?parent=78523"}],"wp:term":[{"taxonomy":"category","embeddable":true,"href":"https:\/\/tvtecjundiai.com.br\/news\/wp-json\/wp\/v2\/categories?post=78523"},{"taxonomy":"post_tag","embeddable":true,"href":"https:\/\/tvtecjundiai.com.br\/news\/wp-json\/wp\/v2\/tags?post=78523"}],"curies":[{"name":"wp","href":"https:\/\/api.w.org\/{rel}","templated":true}]}}