{"id":78526,"date":"2021-07-02T09:52:25","date_gmt":"2021-07-02T12:52:25","guid":{"rendered":"https:\/\/tvtecjundiai.com.br\/news\/?p=78526"},"modified":"2021-07-02T09:52:36","modified_gmt":"2021-07-02T12:52:36","slug":"jundiai-tem-saldo-positivo-em-postos-de-trabalho-pelo-quinto-mes-consecutivo","status":"publish","type":"post","link":"https:\/\/tvtecjundiai.com.br\/news\/2021\/07\/02\/jundiai-tem-saldo-positivo-em-postos-de-trabalho-pelo-quinto-mes-consecutivo\/","title":{"rendered":"Jundia\u00ed tem saldo positivo em postos de trabalho pelo quinto m\u00eas consecutivo"},"content":{"rendered":"\n<p>Jundia\u00ed apresentou saldo positivo em postos de trabalho pelo quinto m\u00eas consecutivo, de acordo com dados do Cadastro Geral de Empregados e Desempregados (Caged) divulgados pelo Minist\u00e9rio da Economia nesta quinta-feira (1). Somente em maio, Jundia\u00ed gerou 795 empregos com carteira assinada segundo o Caged.<\/p>\n\n\n\n<p>Essa \u00e9 a diferen\u00e7a entre as contrata\u00e7\u00f5es, que somaram 6.890 no m\u00eas passado, e as demiss\u00f5es, que totalizaram 6.095. Contando 2021 inteiro, Jundia\u00ed est\u00e1 com saldo positivo de 4.336 empregos, com 36.095 admiss\u00f5es e 31.750 desligamentos. Quatro setores se destacaram no m\u00eas de abril. O setor de ind\u00fastria registrou 111 vagas, com 1.312 admitidos e 1.201 desligados, enquanto servi\u00e7os registrou 428 vagas, com 3.677 admitidos e 3.677 desligados.<\/p>\n\n\n\n<p>\u201cJundia\u00ed consegue avan\u00e7ar mesmo com o impacto da pandemia na economia, gerando emprego e renda para a popula\u00e7\u00e3o. Alcan\u00e7ar o quinto m\u00eas consecutivo com saldo positivo entre cria\u00e7\u00e3o e fechamento de vagas valida o caminho seguido, de apoio aos empreendedores, com oferta de capacita\u00e7\u00f5es e ecossistema inovador de est\u00edmulo aos investimentos\u201d, comenta o prefeito Luiz Fernando Machado.<\/p>\n\n\n\n<figure class=\"wp-block-image size-large\"><img loading=\"lazy\" decoding=\"async\" width=\"1200\" height=\"801\" src=\"https:\/\/tvtecjundiai.com.br\/news\/wp-content\/uploads\/sites\/2\/2021\/07\/carteira_de_trabalho-18-1200x801.jpg\" alt=\"\" class=\"wp-image-78527\" srcset=\"https:\/\/tvtecjundiai.com.br\/news\/wp-content\/uploads\/sites\/2\/2021\/07\/carteira_de_trabalho-18-1200x801.jpg 1200w, https:\/\/tvtecjundiai.com.br\/news\/wp-content\/uploads\/sites\/2\/2021\/07\/carteira_de_trabalho-18-300x200.jpg 300w, https:\/\/tvtecjundiai.com.br\/news\/wp-content\/uploads\/sites\/2\/2021\/07\/carteira_de_trabalho-18-768x512.jpg 768w, https:\/\/tvtecjundiai.com.br\/news\/wp-content\/uploads\/sites\/2\/2021\/07\/carteira_de_trabalho-18.jpg 1280w\" sizes=\"auto, (max-width: 1200px) 100vw, 1200px\" \/><figcaption>Postos de trabalho gerados na cidade superam o n\u00famero de vagas encerradas, nos \u00faltimos cinco meses<\/figcaption><\/figure>\n\n\n\n<p>O setor do com\u00e9rcio apresentou saldo positivo de 292 vagas, com 1.506 admitidos e 1.214 desligamentos. A agropecu\u00e1ria (Agricultura, pecu\u00e1ria, produ\u00e7\u00e3o florestal, pesca e aquicultura) apresentou saldo de dois postos.<\/p>\n\n\n\n<p>Jundia\u00ed segue em esteira positiva na gera\u00e7\u00e3o de postos de trabalho h\u00e1 cinco meses consecutivos<br>Segundo Cristiano Lopes, gestor da Unidade de Gest\u00e3o de Desenvolvimento Econ\u00f4mico, Ci\u00eancia e Tecnologia, o resultado positivo reflete os esfor\u00e7os da administra\u00e7\u00e3o para criar um ambiente favor\u00e1vel aos neg\u00f3cios em Jundia\u00ed, com a chegada de novas empresas \u00e0 cidade, bem como o reconhecimento internacional como sendo um dos melhores endere\u00e7os para investimentos, segundo 6\u00aa edi\u00e7\u00e3o do ranking \u2018Cidades do Futuro\u2019 realizado pela FDI Intelligence \u2013 integrante da publica\u00e7\u00e3o Financial Times.<\/p>\n\n\n\n<p>\u201cParalelamente aos esfor\u00e7os da \u00e1rea da sa\u00fade, n\u00f3s da Unidade de Gest\u00e3o de Desenvolvimento Econ\u00f4mico, Ci\u00eancia e Tecnologia temos atuado, por determina\u00e7\u00e3o do prefeito Luiz Fernando Machado, visando mitigar os impactos nocivos que a COVID-19 tem causado na economia local. Temos dois eixos principais de atua\u00e7\u00e3o: Fomento ao Empreendedorismo, aos Neg\u00f3cios e a Gera\u00e7\u00e3o de Emprego e Internacionaliza\u00e7\u00e3o da Economia de Jundia\u00ed\u201d, afirma.<\/p>\n\n\n\n<p>De acordo com Cristiano Lopes, o Poder P\u00fablico tem dialogado com diferentes segmentos da popula\u00e7\u00e3o, planejado e j\u00e1 executado a\u00e7\u00f5es que impactar\u00e3o positivamente na vida das pessoas de nossa cidade. \u201cTemos dialogado com os empres\u00e1rios e comerciantes para criar um v\u00ednculo para gera\u00e7\u00e3o de emprego e tamb\u00e9m para cria\u00e7\u00e3o de cursos de capacita\u00e7\u00e3o para melhorarmos nossa m\u00e3o de obra. O portal Jundia\u00ed Empreendedora tem tido uma m\u00e9dia de 200 vagas de emprego por dia e nesta quarta-feira, chegamos a 500 vagas oferecidas, fruto desta aproxima\u00e7\u00e3o com o empresariado.\u201d<\/p>\n\n\n\n<p><em>(Fonte\/Imagem: Prefeitura de Jundia\u00ed)<\/em><\/p>\n","protected":false},"excerpt":{"rendered":"<p>Somente em maio, Jundia\u00ed gerou 795 empregos com carteira assinada segundo o Caged.<\/p>\n","protected":false},"author":25,"featured_media":78527,"comment_status":"closed","ping_status":"closed","sticky":false,"template":"","format":"standard","meta":{"footnotes":""},"categories":[5038,1],"tags":[],"class_list":["post-78526","post","type-post","status-publish","format-standard","has-post-thumbnail","hentry","category-emprego","category-noticias"],"_links":{"self":[{"href":"https:\/\/tvtecjundiai.com.br\/news\/wp-json\/wp\/v2\/posts\/78526","targetHints":{"allow":["GET"]}}],"collection":[{"href":"https:\/\/tvtecjundiai.com.br\/news\/wp-json\/wp\/v2\/posts"}],"about":[{"href":"https:\/\/tvtecjundiai.com.br\/news\/wp-json\/wp\/v2\/types\/post"}],"author":[{"embeddable":true,"href":"https:\/\/tvtecjundiai.com.br\/news\/wp-json\/wp\/v2\/users\/25"}],"replies":[{"embeddable":true,"href":"https:\/\/tvtecjundiai.com.br\/news\/wp-json\/wp\/v2\/comments?post=78526"}],"version-history":[{"count":1,"href":"https:\/\/tvtecjundiai.com.br\/news\/wp-json\/wp\/v2\/posts\/78526\/revisions"}],"predecessor-version":[{"id":78528,"href":"https:\/\/tvtecjundiai.com.br\/news\/wp-json\/wp\/v2\/posts\/78526\/revisions\/78528"}],"wp:featuredmedia":[{"embeddable":true,"href":"https:\/\/tvtecjundiai.com.br\/news\/wp-json\/wp\/v2\/media\/78527"}],"wp:attachment":[{"href":"https:\/\/tvtecjundiai.com.br\/news\/wp-json\/wp\/v2\/media?parent=78526"}],"wp:term":[{"taxonomy":"category","embeddable":true,"href":"https:\/\/tvtecjundiai.com.br\/news\/wp-json\/wp\/v2\/categories?post=78526"},{"taxonomy":"post_tag","embeddable":true,"href":"https:\/\/tvtecjundiai.com.br\/news\/wp-json\/wp\/v2\/tags?post=78526"}],"curies":[{"name":"wp","href":"https:\/\/api.w.org\/{rel}","templated":true}]}}