{"id":78539,"date":"2021-07-02T11:24:47","date_gmt":"2021-07-02T14:24:47","guid":{"rendered":"https:\/\/tvtecjundiai.com.br\/news\/?p=78539"},"modified":"2021-07-02T11:33:10","modified_gmt":"2021-07-02T14:33:10","slug":"alunos-da-emeb-florisa-volpe-no-bairro-retiro-participam-de-meditacao-1","status":"publish","type":"post","link":"https:\/\/tvtecjundiai.com.br\/news\/2021\/07\/02\/alunos-da-emeb-florisa-volpe-no-bairro-retiro-participam-de-meditacao-1\/","title":{"rendered":"Alunos da EMEB Florisa Volpe, no bairro Retiro, participam de medita\u00e7\u00e3o"},"content":{"rendered":"\n<p>Sentados no gramado da \u00e1rea verde situada em frente \u00e0 escola, sob o sol da manh\u00e3 de inverno, alunos da EMEB Florisa Volpe participaram, na manh\u00e3 desta quinta-feira (1), de uma proposta de&nbsp;medita\u00e7\u00e3o. A atividade faz parte do desemparedamento da inf\u00e2ncia, da Escola Inovadora e do projeto \u201cBrincar com e na natureza\u201d, desenvolvido pela escola.&nbsp;<\/p>\n\n\n\n<p>A professora Erica Angeli Cintra explica que a explora\u00e7\u00e3o livre do brincar, que \u00e9 propiciada pelo desemparedar, estimula a intera\u00e7\u00e3o, pois \u00e9 no contexto livre que a crian\u00e7a aprende, e que aliar a medita\u00e7\u00e3o \u00e9 importante para o autoconhecimento.&nbsp; \u201cA atividade auxilia na concentra\u00e7\u00e3o das crian\u00e7as, na respira\u00e7\u00e3o, no autocontrole. Somos privilegiados de termos um espa\u00e7o ao ar livre, em contato com a natureza em que extrapolamos os muros da escola para que as crian\u00e7as possam usufruir no brincar, nas descobertas\u201d, afirma.&nbsp;<\/p>\n\n\n\n<figure class=\"wp-block-image size-large\"><img loading=\"lazy\" decoding=\"async\" width=\"1200\" height=\"758\" src=\"https:\/\/tvtecjundiai.com.br\/news\/wp-content\/uploads\/sites\/2\/2021\/07\/aula-meditacao_florisa-volpe-1200x758.jpeg\" alt=\"\" class=\"wp-image-78540\" srcset=\"https:\/\/tvtecjundiai.com.br\/news\/wp-content\/uploads\/sites\/2\/2021\/07\/aula-meditacao_florisa-volpe-1200x758.jpeg 1200w, https:\/\/tvtecjundiai.com.br\/news\/wp-content\/uploads\/sites\/2\/2021\/07\/aula-meditacao_florisa-volpe-300x190.jpeg 300w, https:\/\/tvtecjundiai.com.br\/news\/wp-content\/uploads\/sites\/2\/2021\/07\/aula-meditacao_florisa-volpe-768x485.jpeg 768w, https:\/\/tvtecjundiai.com.br\/news\/wp-content\/uploads\/sites\/2\/2021\/07\/aula-meditacao_florisa-volpe.jpeg 1280w\" sizes=\"auto, (max-width: 1200px) 100vw, 1200px\" \/><figcaption>Aula de medita\u00e7\u00e3o auxilia no autoconhecimento e concentra\u00e7\u00e3o das crian\u00e7as<\/figcaption><\/figure>\n\n\n\n<p>Aos 6 anos, Heitor Alves Felippe j\u00e1 aprendeu a meditar e aprovou a atividade de desemparedamento. \u201cEu achei legal e aprendi a meditar\u201d, afirmou o aluno. Com apenas 4 anos de idade, Bernardo Gon\u00e7alves Silva tamb\u00e9m gostou de meditar e da atividade externa. \u201cEu gostei, achei legal\u201d, disse o jovem estudante.<\/p>\n\n\n\n<figure class=\"wp-block-image size-large\"><img loading=\"lazy\" decoding=\"async\" width=\"1200\" height=\"720\" src=\"https:\/\/tvtecjundiai.com.br\/news\/wp-content\/uploads\/sites\/2\/2021\/07\/aula-meditacao_florisa-volpe-2-1200x720.jpeg\" alt=\"\" class=\"wp-image-78541\" srcset=\"https:\/\/tvtecjundiai.com.br\/news\/wp-content\/uploads\/sites\/2\/2021\/07\/aula-meditacao_florisa-volpe-2-1200x720.jpeg 1200w, https:\/\/tvtecjundiai.com.br\/news\/wp-content\/uploads\/sites\/2\/2021\/07\/aula-meditacao_florisa-volpe-2-300x180.jpeg 300w, https:\/\/tvtecjundiai.com.br\/news\/wp-content\/uploads\/sites\/2\/2021\/07\/aula-meditacao_florisa-volpe-2-768x461.jpeg 768w, https:\/\/tvtecjundiai.com.br\/news\/wp-content\/uploads\/sites\/2\/2021\/07\/aula-meditacao_florisa-volpe-2.jpeg 1280w\" sizes=\"auto, (max-width: 1200px) 100vw, 1200px\" \/><\/figure>\n\n\n\n<p><em>(Texto\/Imagem: Prefeitura de Jundia\u00ed)<\/em><\/p>\n","protected":false},"excerpt":{"rendered":"<p>A atividade faz parte do desemparedamento da inf\u00e2ncia, projeto da Escola Inovadora<\/p>\n","protected":false},"author":28,"featured_media":78540,"comment_status":"closed","ping_status":"closed","sticky":false,"template":"","format":"standard","meta":{"footnotes":""},"categories":[8356,1],"tags":[],"class_list":["post-78539","post","type-post","status-publish","format-standard","has-post-thumbnail","hentry","category-jundiai","category-noticias"],"_links":{"self":[{"href":"https:\/\/tvtecjundiai.com.br\/news\/wp-json\/wp\/v2\/posts\/78539","targetHints":{"allow":["GET"]}}],"collection":[{"href":"https:\/\/tvtecjundiai.com.br\/news\/wp-json\/wp\/v2\/posts"}],"about":[{"href":"https:\/\/tvtecjundiai.com.br\/news\/wp-json\/wp\/v2\/types\/post"}],"author":[{"embeddable":true,"href":"https:\/\/tvtecjundiai.com.br\/news\/wp-json\/wp\/v2\/users\/28"}],"replies":[{"embeddable":true,"href":"https:\/\/tvtecjundiai.com.br\/news\/wp-json\/wp\/v2\/comments?post=78539"}],"version-history":[{"count":2,"href":"https:\/\/tvtecjundiai.com.br\/news\/wp-json\/wp\/v2\/posts\/78539\/revisions"}],"predecessor-version":[{"id":78547,"href":"https:\/\/tvtecjundiai.com.br\/news\/wp-json\/wp\/v2\/posts\/78539\/revisions\/78547"}],"wp:featuredmedia":[{"embeddable":true,"href":"https:\/\/tvtecjundiai.com.br\/news\/wp-json\/wp\/v2\/media\/78540"}],"wp:attachment":[{"href":"https:\/\/tvtecjundiai.com.br\/news\/wp-json\/wp\/v2\/media?parent=78539"}],"wp:term":[{"taxonomy":"category","embeddable":true,"href":"https:\/\/tvtecjundiai.com.br\/news\/wp-json\/wp\/v2\/categories?post=78539"},{"taxonomy":"post_tag","embeddable":true,"href":"https:\/\/tvtecjundiai.com.br\/news\/wp-json\/wp\/v2\/tags?post=78539"}],"curies":[{"name":"wp","href":"https:\/\/api.w.org\/{rel}","templated":true}]}}