{"id":78543,"date":"2021-07-02T11:29:28","date_gmt":"2021-07-02T14:29:28","guid":{"rendered":"https:\/\/tvtecjundiai.com.br\/news\/?p=78543"},"modified":"2021-07-02T11:29:31","modified_gmt":"2021-07-02T14:29:31","slug":"prefeitura-de-jundiai-divulga-nota-sobre-segunda-dose-de-gestantes-nesta-sexta-feira-02","status":"publish","type":"post","link":"https:\/\/tvtecjundiai.com.br\/news\/2021\/07\/02\/prefeitura-de-jundiai-divulga-nota-sobre-segunda-dose-de-gestantes-nesta-sexta-feira-02\/","title":{"rendered":"Prefeitura de Jundia\u00ed divulga nota sobre segunda dose de gestantes nesta sexta-feira (02)"},"content":{"rendered":"\n<p>A Unidade de Gest\u00e3o de Promo\u00e7\u00e3o de Sa\u00fade (UGPS) informa que a oferta de segunda dose Coronavac para gestantes e pu\u00e9rperas no Complexo Educacional, Cultural e Esportivo (CECE) Aramis Polli est\u00e1 sendo realizada normalmente nesta sexta-feira (2). A unidade pede desculpas pelo atraso ocorrido no primeiro hor\u00e1rio de atendimento (8:30 \u2013 9:30).<\/p>\n\n\n\n<p>As gestantes\/pu\u00e9rperas que foram at\u00e9 o local est\u00e3o sendo contatadas para o retorno para a aplica\u00e7\u00e3o. Caso n\u00e3o possam retornar no dia de hoje, a aplica\u00e7\u00e3o permanece dentro do per\u00edodo estipulado pelo fabricante da vacina, visto que o prazo de 28 dias vencer\u00e1 no dia 8 de julho.<\/p>\n\n\n\n<figure class=\"wp-block-image size-large\"><img loading=\"lazy\" decoding=\"async\" width=\"1200\" height=\"801\" src=\"https:\/\/tvtecjundiai.com.br\/news\/wp-content\/uploads\/sites\/2\/2021\/06\/vacinacao_covid_gestantes-1200x801.jpg\" alt=\"\" class=\"wp-image-77791\" srcset=\"https:\/\/tvtecjundiai.com.br\/news\/wp-content\/uploads\/sites\/2\/2021\/06\/vacinacao_covid_gestantes-1200x801.jpg 1200w, https:\/\/tvtecjundiai.com.br\/news\/wp-content\/uploads\/sites\/2\/2021\/06\/vacinacao_covid_gestantes-300x200.jpg 300w, https:\/\/tvtecjundiai.com.br\/news\/wp-content\/uploads\/sites\/2\/2021\/06\/vacinacao_covid_gestantes-768x512.jpg 768w, https:\/\/tvtecjundiai.com.br\/news\/wp-content\/uploads\/sites\/2\/2021\/06\/vacinacao_covid_gestantes.jpg 1280w\" sizes=\"auto, (max-width: 1200px) 100vw, 1200px\" \/><\/figure>\n\n\n\n<p>Se n\u00e3o for poss\u00edvel o retorno nesta sexta-feira (2), busque a aplica\u00e7\u00e3o na Unidade B\u00e1sica de Sa\u00fade Rio Branco, das 8:30 \u00e0s 11h30, de segunda (5) a quinta-feira (8).<\/p>\n\n\n\n<p><em>(Texto\/Imagem: Prefeitura de Jundia\u00ed)<\/em><\/p>\n","protected":false},"excerpt":{"rendered":"<p>Houve atraso ocorrido no primeiro hor\u00e1rio de atendimento durante vacina\u00e7\u00e3o no gin\u00e1sio Aramis Polli<\/p>\n","protected":false},"author":28,"featured_media":77791,"comment_status":"closed","ping_status":"closed","sticky":false,"template":"","format":"standard","meta":{"footnotes":""},"categories":[8356,1],"tags":[],"class_list":["post-78543","post","type-post","status-publish","format-standard","has-post-thumbnail","hentry","category-jundiai","category-noticias"],"_links":{"self":[{"href":"https:\/\/tvtecjundiai.com.br\/news\/wp-json\/wp\/v2\/posts\/78543","targetHints":{"allow":["GET"]}}],"collection":[{"href":"https:\/\/tvtecjundiai.com.br\/news\/wp-json\/wp\/v2\/posts"}],"about":[{"href":"https:\/\/tvtecjundiai.com.br\/news\/wp-json\/wp\/v2\/types\/post"}],"author":[{"embeddable":true,"href":"https:\/\/tvtecjundiai.com.br\/news\/wp-json\/wp\/v2\/users\/28"}],"replies":[{"embeddable":true,"href":"https:\/\/tvtecjundiai.com.br\/news\/wp-json\/wp\/v2\/comments?post=78543"}],"version-history":[{"count":1,"href":"https:\/\/tvtecjundiai.com.br\/news\/wp-json\/wp\/v2\/posts\/78543\/revisions"}],"predecessor-version":[{"id":78544,"href":"https:\/\/tvtecjundiai.com.br\/news\/wp-json\/wp\/v2\/posts\/78543\/revisions\/78544"}],"wp:featuredmedia":[{"embeddable":true,"href":"https:\/\/tvtecjundiai.com.br\/news\/wp-json\/wp\/v2\/media\/77791"}],"wp:attachment":[{"href":"https:\/\/tvtecjundiai.com.br\/news\/wp-json\/wp\/v2\/media?parent=78543"}],"wp:term":[{"taxonomy":"category","embeddable":true,"href":"https:\/\/tvtecjundiai.com.br\/news\/wp-json\/wp\/v2\/categories?post=78543"},{"taxonomy":"post_tag","embeddable":true,"href":"https:\/\/tvtecjundiai.com.br\/news\/wp-json\/wp\/v2\/tags?post=78543"}],"curies":[{"name":"wp","href":"https:\/\/api.w.org\/{rel}","templated":true}]}}