{"id":78549,"date":"2021-07-02T11:40:34","date_gmt":"2021-07-02T14:40:34","guid":{"rendered":"https:\/\/tvtecjundiai.com.br\/news\/?p=78549"},"modified":"2021-07-02T11:40:38","modified_gmt":"2021-07-02T14:40:38","slug":"coral-infantojuvenil-esta-com-inscricoes-abertas-para-criancas-de-8-a-11-anos","status":"publish","type":"post","link":"https:\/\/tvtecjundiai.com.br\/news\/2021\/07\/02\/coral-infantojuvenil-esta-com-inscricoes-abertas-para-criancas-de-8-a-11-anos\/","title":{"rendered":"Coral Infantojuvenil est\u00e1 com inscri\u00e7\u00f5es abertas para crian\u00e7as de 8 a 11 anos"},"content":{"rendered":"\n<p>O Coral Infantojuvenil Cidade das Crian\u00e7as est\u00e1 com inscri\u00e7\u00f5es abertas para crian\u00e7as de 8 a 11 anos. Com participa\u00e7\u00e3o volunt\u00e1ria, os interessados devem se inscrever gratuitamente at\u00e9 o dia 24 de julho pelo&nbsp;<a href=\"https:\/\/cultura.jundiai.sp.gov.br\/\" target=\"_blank\" rel=\"noreferrer noopener\">site da Cultura<\/a>.<\/p>\n\n\n\n<p>Ap\u00f3s preencher o formul\u00e1rio de&nbsp;<a href=\"https:\/\/cultura.jundiai.sp.gov.br\/coral-infantojuvenil-cidade-das-criancas\/\" target=\"_blank\" rel=\"noreferrer noopener\">inscri\u00e7\u00e3o online<\/a>, \u00e9 necess\u00e1rio que sejam anexados os documentos solicitados, al\u00e9m do termo de autoriza\u00e7\u00e3o preenchido e assinado pelos pais e\/ou respons\u00e1veis. Ser\u00e1 feito contato para audi\u00e7\u00e3o por meio de viodeoconfer\u00eancia.<\/p>\n\n\n\n<p>Sob dire\u00e7\u00e3o art\u00edstica de Vasti Atique e reg\u00eancia de Jessica Augusto Vieira, o Coral Infantojuvenil \u00e9 ligado \u00e0 Unidade de Gest\u00e3o de Cultura, e visa difundir o canto coral por meio da realiza\u00e7\u00e3o de concertos, manter interc\u00e2mbio cultural com entidades similares, revelar talentos na \u00e1rea musical e integrar-se aos demais objetivos culturais do Munic\u00edpio.<\/p>\n\n\n\n<figure class=\"wp-block-image size-large\"><img loading=\"lazy\" decoding=\"async\" width=\"957\" height=\"568\" src=\"https:\/\/tvtecjundiai.com.br\/news\/wp-content\/uploads\/sites\/2\/2021\/07\/coral-infantojuvenil.png\" alt=\"\" class=\"wp-image-78550\" srcset=\"https:\/\/tvtecjundiai.com.br\/news\/wp-content\/uploads\/sites\/2\/2021\/07\/coral-infantojuvenil.png 957w, https:\/\/tvtecjundiai.com.br\/news\/wp-content\/uploads\/sites\/2\/2021\/07\/coral-infantojuvenil-300x178.png 300w, https:\/\/tvtecjundiai.com.br\/news\/wp-content\/uploads\/sites\/2\/2021\/07\/coral-infantojuvenil-768x456.png 768w\" sizes=\"auto, (max-width: 957px) 100vw, 957px\" \/><figcaption>Ensaios do Coral Infantojuvenil e atividades ocorrem, neste momento, de forma online<\/figcaption><\/figure>\n\n\n\n<p>Em decorr\u00eancia da pandemia, os ensaios est\u00e3o sendo realizados \u00e0s ter\u00e7as das 18h \u00e0s 19h15 de forma online, pela plataforma Zoom. Assim como os demais corpos art\u00edsticos ligados \u00e0 Cultura, o grupo continua em atividade, cada artista de sua casa, e concertos j\u00e1 realizados est\u00e3o dispon\u00edveis no ambiente<a rel=\"noreferrer noopener\" href=\"https:\/\/cultura.jundiai.sp.gov.br\/fiqueemcasa-da-cultura\/\" target=\"_blank\">\u00a0#FiqueemCasaJundiai<\/a>.<\/p>\n\n\n\n<p><em>(Texto\/Imagem: Prefeitura de Jundia\u00ed)<\/em><\/p>\n","protected":false},"excerpt":{"rendered":"<p>Os interessados devem se inscrever gratuitamente at\u00e9 o dia 24 de julho pelo site da Cultura<\/p>\n","protected":false},"author":28,"featured_media":78550,"comment_status":"closed","ping_status":"closed","sticky":false,"template":"","format":"standard","meta":{"footnotes":""},"categories":[8356,1],"tags":[],"class_list":["post-78549","post","type-post","status-publish","format-standard","has-post-thumbnail","hentry","category-jundiai","category-noticias"],"_links":{"self":[{"href":"https:\/\/tvtecjundiai.com.br\/news\/wp-json\/wp\/v2\/posts\/78549","targetHints":{"allow":["GET"]}}],"collection":[{"href":"https:\/\/tvtecjundiai.com.br\/news\/wp-json\/wp\/v2\/posts"}],"about":[{"href":"https:\/\/tvtecjundiai.com.br\/news\/wp-json\/wp\/v2\/types\/post"}],"author":[{"embeddable":true,"href":"https:\/\/tvtecjundiai.com.br\/news\/wp-json\/wp\/v2\/users\/28"}],"replies":[{"embeddable":true,"href":"https:\/\/tvtecjundiai.com.br\/news\/wp-json\/wp\/v2\/comments?post=78549"}],"version-history":[{"count":1,"href":"https:\/\/tvtecjundiai.com.br\/news\/wp-json\/wp\/v2\/posts\/78549\/revisions"}],"predecessor-version":[{"id":78551,"href":"https:\/\/tvtecjundiai.com.br\/news\/wp-json\/wp\/v2\/posts\/78549\/revisions\/78551"}],"wp:featuredmedia":[{"embeddable":true,"href":"https:\/\/tvtecjundiai.com.br\/news\/wp-json\/wp\/v2\/media\/78550"}],"wp:attachment":[{"href":"https:\/\/tvtecjundiai.com.br\/news\/wp-json\/wp\/v2\/media?parent=78549"}],"wp:term":[{"taxonomy":"category","embeddable":true,"href":"https:\/\/tvtecjundiai.com.br\/news\/wp-json\/wp\/v2\/categories?post=78549"},{"taxonomy":"post_tag","embeddable":true,"href":"https:\/\/tvtecjundiai.com.br\/news\/wp-json\/wp\/v2\/tags?post=78549"}],"curies":[{"name":"wp","href":"https:\/\/api.w.org\/{rel}","templated":true}]}}