{"id":7855,"date":"2018-03-23T09:38:10","date_gmt":"2018-03-23T12:38:10","guid":{"rendered":"https:\/\/tvtecjundiai.com.br\/news\/?p=7855"},"modified":"2018-03-23T09:38:10","modified_gmt":"2018-03-23T12:38:10","slug":"economia-pat-divulga-vagas-disponiveis-em-jundiai-e-regiao-23-5","status":"publish","type":"post","link":"https:\/\/tvtecjundiai.com.br\/news\/2018\/03\/23\/economia-pat-divulga-vagas-disponiveis-em-jundiai-e-regiao-23-5\/","title":{"rendered":"Economia: PAT divulga vagas dispon\u00edveis em Jundia\u00ed e regi\u00e3o (23)"},"content":{"rendered":"<p>Confira as vagas<\/p>\n<div id=\"pat\">\n<ul>\n<li><strong>Chefe de Servi\u00e7o de limpeza<\/strong>\u00a0(liberado em 21\/03\/2018) \u2013 6 meses de experi\u00eancia em CTPS; ensino fundamental completo; somente candidatos de Jundia\u00ed.<\/li>\n<li><strong>Fresador CNC<\/strong>\u00a0(liberado em 20\/03\/2018) \u2013 6 meses de experi\u00eancia em CTPS. ensino m\u00e9dio completo; com curso conclu\u00eddo; somente candidatos de Jundia\u00ed.<\/li>\n<li><strong>M\u00e9dico Veterin\u00e1rio<\/strong>\u00a0(liberado em 19\/03\/2018) \u2013 Ensino superior completo; curso veterin\u00e1rio; com CRMV ativo; somente candidatos Jundia\u00ed V\u00e1rzea Paulista e Campo Limpo Paulista.<\/li>\n<li><strong>Promotor de Vendas Especializado<\/strong>\u00a0(liberado em 22\/03\/2018) \u2013 6 meses de experi\u00eancia em CTPS; ensino m\u00e9dio completo; necess\u00e1rio CHN; candidatos de Jundia\u00ed, V\u00e1rzea Paulista, Campo Limpo Paulista e Louveira.<\/li>\n<li><strong>Torneiro Mec\u00e2nico<\/strong>\u00a0(liberado em 20\/03\/2018) \u2013 6 meses de experi\u00eancia em CTPS; ensino m\u00e9dio completo; curso conclu\u00eddo; somente candidatos de Jundia\u00ed.<\/li>\n<li><strong>Vaga exclusiva PCD (Pessoas com Defici\u00eancia)<\/strong>\u00a0(liberado em 21\/03\/2018) \u2013 Operador de Caixa &#8211; Ensino m\u00e9dio completo; necess\u00e1rio laudo m\u00e9dio; somente candidatos de Jundia\u00ed, V\u00e1rzea Paulista e Campo Limpo Paulista.<\/li>\n<li><strong>Vaga exclusiva PCD (Pessoas com Defici\u00eancia)<\/strong>\u00a0(liberado em 21\/03\/2018) \u2013 Repositor de Mercadorias &#8211; ensino fundamental completo; necess\u00e1rio laudo m\u00e9dico; somente candidatos de Jundia\u00ed, V\u00e1rzea Paulista e Campo Limpo Paulista.<\/li>\n<\/ul>\n<p>Os interessados devem comparecer \u00e0 rua Zacarias de Goes, 530 \u2013 Centro. O atendimento do PAT Jundia\u00ed \u00e9 feito de segunda a sexta-feira, das 8 \u00e0s 16h30 horas. \u00c9 necess\u00e1rio levar RG, CPF, carteira de trabalho, PIS ou cart\u00e3o do cidad\u00e3o.<\/p>\n<p>\u00daltima atualiza\u00e7\u00e3o em\u00a023\/03\/2018 09:25<\/p>\n<p><em>(Fonte: Prefeitura de Jundia\u00ed)<\/em><\/p>\n<\/div>\n","protected":false},"excerpt":{"rendered":"<p>Pode haver altera\u00e7\u00e3o no quadro de disponibilidade durante a semana<\/p>\n","protected":false},"author":11,"featured_media":7091,"comment_status":"closed","ping_status":"closed","sticky":false,"template":"","format":"standard","meta":{"footnotes":""},"categories":[29,1],"tags":[286,37,39,253,185,43],"class_list":["post-7855","post","type-post","status-publish","format-standard","has-post-thumbnail","hentry","category-destaque","category-noticias","tag-carteira-de-trabalho","tag-emprego","tag-pat","tag-pat-de-jundiai","tag-trabalho","tag-vagas-de-emprego"],"_links":{"self":[{"href":"https:\/\/tvtecjundiai.com.br\/news\/wp-json\/wp\/v2\/posts\/7855","targetHints":{"allow":["GET"]}}],"collection":[{"href":"https:\/\/tvtecjundiai.com.br\/news\/wp-json\/wp\/v2\/posts"}],"about":[{"href":"https:\/\/tvtecjundiai.com.br\/news\/wp-json\/wp\/v2\/types\/post"}],"author":[{"embeddable":true,"href":"https:\/\/tvtecjundiai.com.br\/news\/wp-json\/wp\/v2\/users\/11"}],"replies":[{"embeddable":true,"href":"https:\/\/tvtecjundiai.com.br\/news\/wp-json\/wp\/v2\/comments?post=7855"}],"version-history":[{"count":1,"href":"https:\/\/tvtecjundiai.com.br\/news\/wp-json\/wp\/v2\/posts\/7855\/revisions"}],"predecessor-version":[{"id":7856,"href":"https:\/\/tvtecjundiai.com.br\/news\/wp-json\/wp\/v2\/posts\/7855\/revisions\/7856"}],"wp:featuredmedia":[{"embeddable":true,"href":"https:\/\/tvtecjundiai.com.br\/news\/wp-json\/wp\/v2\/media\/7091"}],"wp:attachment":[{"href":"https:\/\/tvtecjundiai.com.br\/news\/wp-json\/wp\/v2\/media?parent=7855"}],"wp:term":[{"taxonomy":"category","embeddable":true,"href":"https:\/\/tvtecjundiai.com.br\/news\/wp-json\/wp\/v2\/categories?post=7855"},{"taxonomy":"post_tag","embeddable":true,"href":"https:\/\/tvtecjundiai.com.br\/news\/wp-json\/wp\/v2\/tags?post=7855"}],"curies":[{"name":"wp","href":"https:\/\/api.w.org\/{rel}","templated":true}]}}