{"id":78552,"date":"2021-07-02T12:10:42","date_gmt":"2021-07-02T15:10:42","guid":{"rendered":"https:\/\/tvtecjundiai.com.br\/news\/?p=78552"},"modified":"2021-07-02T14:11:19","modified_gmt":"2021-07-02T17:11:19","slug":"frio-intenso-vai-embora-mas-temperaturas-continuam-baixas-em-jundiai-1","status":"publish","type":"post","link":"https:\/\/tvtecjundiai.com.br\/news\/2021\/07\/02\/frio-intenso-vai-embora-mas-temperaturas-continuam-baixas-em-jundiai-1\/","title":{"rendered":"Frio intenso vai embora, mas temperaturas continuam baixas em Jundia\u00ed"},"content":{"rendered":"\n<p>A passagem de uma frente fria pela regi\u00e3o fez com que os term\u00f4metros despencassem durante toda a semana. Nas regi\u00f5es rurais de Jundia\u00ed foi poss\u00edvel registrar temperaturas abaixo de 3\u00ba nas madrugadas e diversos agricultores tiveram produ\u00e7\u00f5es afetadas por conta da geada.<\/p>\n\n\n\n<p>Segundo informa\u00e7\u00f5es do Climatempo, esta sexta-feira (02) ainda promete ser gelada, com a m\u00ednima atingindo os 8\u00ba e a m\u00e1xima chegando nos 23\u00ba.<\/p>\n\n\n\n<figure class=\"wp-block-image size-large\"><img loading=\"lazy\" decoding=\"async\" width=\"1200\" height=\"803\" src=\"https:\/\/tvtecjundiai.com.br\/news\/wp-content\/uploads\/sites\/2\/2020\/07\/frio-em-sao-paulo-agenciabrasil-1200x803.jpg\" alt=\"\" class=\"wp-image-60818\" srcset=\"https:\/\/tvtecjundiai.com.br\/news\/wp-content\/uploads\/sites\/2\/2020\/07\/frio-em-sao-paulo-agenciabrasil-1200x803.jpg 1200w, https:\/\/tvtecjundiai.com.br\/news\/wp-content\/uploads\/sites\/2\/2020\/07\/frio-em-sao-paulo-agenciabrasil-300x201.jpg 300w, https:\/\/tvtecjundiai.com.br\/news\/wp-content\/uploads\/sites\/2\/2020\/07\/frio-em-sao-paulo-agenciabrasil-768x514.jpg 768w, https:\/\/tvtecjundiai.com.br\/news\/wp-content\/uploads\/sites\/2\/2020\/07\/frio-em-sao-paulo-agenciabrasil.jpg 1280w\" sizes=\"auto, (max-width: 1200px) 100vw, 1200px\" \/><figcaption>M\u00ednima na pr\u00f3xima semana n\u00e3o deve passar dos 10\u00ba <\/figcaption><\/figure>\n\n\n\n<p>No s\u00e1bado (03), as temperaturas sobem um pouco mais. A m\u00e1xima para o dia ser\u00e1 de 24\u00ba e a m\u00ednima fica nos 10\u00ba.&nbsp; J\u00e1 no domingo (04), a m\u00e1xima permanece nos 23\u00ba e a m\u00ednima n\u00e3o passa dos 11\u00ba.<\/p>\n\n\n\n<p>Na primeira semana de julho, as temperaturas permanecem baixas, mas a m\u00ednima durante toda a semana n\u00e3o deve passar dos 10\u00ba.<\/p>\n\n\n\n<p><em>(Texto\/Imagem: TVTEC)<\/em><\/p>\n","protected":false},"excerpt":{"rendered":"<p>Term\u00f4metros come\u00e7am a subir neste final de semana, mas friozinho ainda permanece<\/p>\n","protected":false},"author":28,"featured_media":78558,"comment_status":"closed","ping_status":"closed","sticky":false,"template":"","format":"standard","meta":{"footnotes":""},"categories":[8356,1],"tags":[],"class_list":["post-78552","post","type-post","status-publish","format-standard","has-post-thumbnail","hentry","category-jundiai","category-noticias"],"_links":{"self":[{"href":"https:\/\/tvtecjundiai.com.br\/news\/wp-json\/wp\/v2\/posts\/78552","targetHints":{"allow":["GET"]}}],"collection":[{"href":"https:\/\/tvtecjundiai.com.br\/news\/wp-json\/wp\/v2\/posts"}],"about":[{"href":"https:\/\/tvtecjundiai.com.br\/news\/wp-json\/wp\/v2\/types\/post"}],"author":[{"embeddable":true,"href":"https:\/\/tvtecjundiai.com.br\/news\/wp-json\/wp\/v2\/users\/28"}],"replies":[{"embeddable":true,"href":"https:\/\/tvtecjundiai.com.br\/news\/wp-json\/wp\/v2\/comments?post=78552"}],"version-history":[{"count":1,"href":"https:\/\/tvtecjundiai.com.br\/news\/wp-json\/wp\/v2\/posts\/78552\/revisions"}],"predecessor-version":[{"id":78553,"href":"https:\/\/tvtecjundiai.com.br\/news\/wp-json\/wp\/v2\/posts\/78552\/revisions\/78553"}],"wp:featuredmedia":[{"embeddable":true,"href":"https:\/\/tvtecjundiai.com.br\/news\/wp-json\/wp\/v2\/media\/78558"}],"wp:attachment":[{"href":"https:\/\/tvtecjundiai.com.br\/news\/wp-json\/wp\/v2\/media?parent=78552"}],"wp:term":[{"taxonomy":"category","embeddable":true,"href":"https:\/\/tvtecjundiai.com.br\/news\/wp-json\/wp\/v2\/categories?post=78552"},{"taxonomy":"post_tag","embeddable":true,"href":"https:\/\/tvtecjundiai.com.br\/news\/wp-json\/wp\/v2\/tags?post=78552"}],"curies":[{"name":"wp","href":"https:\/\/api.w.org\/{rel}","templated":true}]}}