{"id":78565,"date":"2021-07-02T15:08:20","date_gmt":"2021-07-02T18:08:20","guid":{"rendered":"https:\/\/tvtecjundiai.com.br\/news\/?p=78565"},"modified":"2021-07-02T15:08:24","modified_gmt":"2021-07-02T18:08:24","slug":"ministerio-da-saude-diz-que-vai-distribuir-as-3-milhoes-de-doses-da-vacina-da-janssen","status":"publish","type":"post","link":"https:\/\/tvtecjundiai.com.br\/news\/2021\/07\/02\/ministerio-da-saude-diz-que-vai-distribuir-as-3-milhoes-de-doses-da-vacina-da-janssen\/","title":{"rendered":"Minist\u00e9rio da Sa\u00fade diz que vai distribuir as 3 milh\u00f5es de doses da vacina da Janssen"},"content":{"rendered":"\n<p>O Minist\u00e9rio da Sa\u00fade informou que vai iniciar, nesta sexta-feira (02), a distribui\u00e7\u00e3o das 3 milh\u00f5es de doses de vacinas da fabricante Janssen que foram doadas pelos Estados Unidos h\u00e1 uma semana e ainda n\u00e3o deixaram o galp\u00e3o do Centro de Log\u00edstica do Minist\u00e9rio da Sa\u00fade, em Guarulhos, na Grande S\u00e3o Paulo. A distribui\u00e7\u00e3o das doses deve ser finalizada at\u00e9 domingo (4).<\/p>\n\n\n\n<p>No dia 25 de junho, o governo federal recebeu um pouco mais de 2 milh\u00f5es de doses da Janssen. No dia seguinte, chegaram mais 947 mil doses. Do aeroporto, as doses foram para o galp\u00e3o do Minist\u00e9rio da Sa\u00fade e continuam por l\u00e1.<\/p>\n\n\n\n<p>Na quarta-feira (30), o governo federal disse que aguardava a libera\u00e7\u00e3o da Ag\u00eancia Nacional de Vigil\u00e2ncia Sanit\u00e1ria (Anvisa) que chegaram em 25 de junho. No dia 30 de junho, a Anvisa disse que faltava receber documentos do Minist\u00e9rio da Sa\u00fade. Logo depois, a Anvisa informou que j\u00e1 tinha recebido os documentos e que as doses poderiam ser liberadas.<\/p>\n\n\n\n<p>O assunto veio \u00e0 tona ap\u00f3s o governador de S\u00e3o Paulo, Jo\u00e3o Doria (PSDB), acusar o Minist\u00e9rio da Sa\u00fade de reter 678 mil doses da vacina que deveriam ser distribu\u00eddas para o estado de S\u00e3o Paulo.<\/p>\n\n\n\n<p>Na manh\u00e3 de quinta-feira (1\u00ba), o Minist\u00e9rio da Sa\u00fade se reuniu com representantes dos estados e dos munic\u00edpios para definir a estrat\u00e9gia de vacina\u00e7\u00e3o e o n\u00famero de doses que iria para cada estado.<\/p>\n\n\n\n<p>O recebimento da vacina da Janssen \u00e9 importante, j\u00e1 que o imunizante precisa de apenas uma dose e ajuda acelerar o processo de vacina\u00e7\u00e3o em todo o pa\u00eds.<\/p>\n\n\n\n<figure class=\"wp-block-image size-large\"><img loading=\"lazy\" decoding=\"async\" width=\"1024\" height=\"768\" src=\"https:\/\/tvtecjundiai.com.br\/news\/wp-content\/uploads\/sites\/2\/2021\/07\/WhatsApp-Image-2021-07-02-at-14.55.00.jpeg\" alt=\"\" class=\"wp-image-78566\" srcset=\"https:\/\/tvtecjundiai.com.br\/news\/wp-content\/uploads\/sites\/2\/2021\/07\/WhatsApp-Image-2021-07-02-at-14.55.00.jpeg 1024w, https:\/\/tvtecjundiai.com.br\/news\/wp-content\/uploads\/sites\/2\/2021\/07\/WhatsApp-Image-2021-07-02-at-14.55.00-300x225.jpeg 300w, https:\/\/tvtecjundiai.com.br\/news\/wp-content\/uploads\/sites\/2\/2021\/07\/WhatsApp-Image-2021-07-02-at-14.55.00-768x576.jpeg 768w\" sizes=\"auto, (max-width: 1024px) 100vw, 1024px\" \/><\/figure>\n\n\n\n<p><strong>Governo de SP pede a libera\u00e7\u00e3o de doses<\/strong><br>Em coletiva de imprensa na quarta-feira (30), Doria pediu a &#8220;imediata libera\u00e7\u00e3o de 678 mil vacinas da Janssen que est\u00e3o estocadas no deposito&#8221; e declarou que o lote est\u00e1 parado desde o dia 25 de junho.<\/p>\n\n\n\n<p>Em geral, vacinas importadas passam por um controle de qualidade para atestar se as condi\u00e7\u00f5es de seguran\u00e7a do produto foram mantidas durante a viagem, antes de serem distribu\u00eddas. O mesmo procedimento \u00e9 feito com doses da CoronaVac e da AstraZeneca.<\/p>\n\n\n\n<p>Al\u00e9m destas 3 milh\u00f5es de doses doadas pelo governo norte-americano, o Brasil j\u00e1 recebeu outras 1,8 milh\u00e3o de doses da Janssen anteriormente.<\/p>\n\n\n\n<p>Foram entregues 1,5 milh\u00e3o de doses no dia 22 de junho e outras 300 mil unidades no dia 24 de junho. Estes lotes fazem parte de um contrato do governo federal com a farmac\u00eautica que prev\u00ea a entrega de um total de 38 milh\u00f5es de doses at\u00e9 dezembro.<\/p>\n\n\n\n<p>At\u00e9 quarta, 1,5 milh\u00e3o de doses da vacina da Janssen tinham sido distribu\u00eddas pelo governo federal por meio do Programa Nacional de Imuniza\u00e7\u00e3o (PNI).<\/p>\n\n\n\n<p><strong>Vacina da Janssen<\/strong><br>A vacina da Janssen, do grupo Johnson &amp; Johnson, \u00e9 aplicada em dose \u00fanica. A Ag\u00eancia Nacional de Vigil\u00e2ncia Sanit\u00e1ria (Anvisa) aprovou o uso emergencial do imunizante da Janssen no Brasil em 31 de mar\u00e7o de 2021.<\/p>\n\n\n\n<p>A doa\u00e7\u00e3o das 3 milh\u00f5es de doses ao Brasil \u00e9 a maior j\u00e1 feita pelo governo americano a qualquer pa\u00eds at\u00e9 agora. O principal assessor do presidente Joe Biden para a Am\u00e9rica Latina afirmou que a doa\u00e7\u00e3o ao Brasil reflete &#8220;o foco dos EUA para combater a Covid numa das regi\u00f5es mais afetadas pela pandemia&#8221;. A inten\u00e7\u00e3o da Casa Branca \u00e9 compartilhar 55 milh\u00f5es de vacinas em todo o mundo.<\/p>\n\n\n\n<p>A ag\u00eancia de regula\u00e7\u00e3o sanit\u00e1ria norte-americana (FDA) aumentou a validade das doses, de tr\u00eas meses para quatro meses e meio, desde que armazenados em temperatura de 2\u00b0 a 8\u00b0C.<\/p>\n\n\n\n<p><em>(Texto: G1\/Imagem: TVTEC)<\/em><\/p>\n","protected":false},"excerpt":{"rendered":"<p>Minist\u00e9rio informou que imunizante ser\u00e1 entregue a partir desta sexta (02) at\u00e9 domingo (04)<\/p>\n","protected":false},"author":28,"featured_media":78566,"comment_status":"closed","ping_status":"closed","sticky":false,"template":"","format":"standard","meta":{"footnotes":""},"categories":[8356,1],"tags":[],"class_list":["post-78565","post","type-post","status-publish","format-standard","has-post-thumbnail","hentry","category-jundiai","category-noticias"],"_links":{"self":[{"href":"https:\/\/tvtecjundiai.com.br\/news\/wp-json\/wp\/v2\/posts\/78565","targetHints":{"allow":["GET"]}}],"collection":[{"href":"https:\/\/tvtecjundiai.com.br\/news\/wp-json\/wp\/v2\/posts"}],"about":[{"href":"https:\/\/tvtecjundiai.com.br\/news\/wp-json\/wp\/v2\/types\/post"}],"author":[{"embeddable":true,"href":"https:\/\/tvtecjundiai.com.br\/news\/wp-json\/wp\/v2\/users\/28"}],"replies":[{"embeddable":true,"href":"https:\/\/tvtecjundiai.com.br\/news\/wp-json\/wp\/v2\/comments?post=78565"}],"version-history":[{"count":1,"href":"https:\/\/tvtecjundiai.com.br\/news\/wp-json\/wp\/v2\/posts\/78565\/revisions"}],"predecessor-version":[{"id":78567,"href":"https:\/\/tvtecjundiai.com.br\/news\/wp-json\/wp\/v2\/posts\/78565\/revisions\/78567"}],"wp:featuredmedia":[{"embeddable":true,"href":"https:\/\/tvtecjundiai.com.br\/news\/wp-json\/wp\/v2\/media\/78566"}],"wp:attachment":[{"href":"https:\/\/tvtecjundiai.com.br\/news\/wp-json\/wp\/v2\/media?parent=78565"}],"wp:term":[{"taxonomy":"category","embeddable":true,"href":"https:\/\/tvtecjundiai.com.br\/news\/wp-json\/wp\/v2\/categories?post=78565"},{"taxonomy":"post_tag","embeddable":true,"href":"https:\/\/tvtecjundiai.com.br\/news\/wp-json\/wp\/v2\/tags?post=78565"}],"curies":[{"name":"wp","href":"https:\/\/api.w.org\/{rel}","templated":true}]}}