{"id":78571,"date":"2021-07-02T15:27:02","date_gmt":"2021-07-02T18:27:02","guid":{"rendered":"https:\/\/tvtecjundiai.com.br\/news\/?p=78571"},"modified":"2021-07-02T15:27:08","modified_gmt":"2021-07-02T18:27:08","slug":"sp-registra-menos-de-20-mil-internados-por-covid-19-apos-115-dias-acima-do-patamar","status":"publish","type":"post","link":"https:\/\/tvtecjundiai.com.br\/news\/2021\/07\/02\/sp-registra-menos-de-20-mil-internados-por-covid-19-apos-115-dias-acima-do-patamar\/","title":{"rendered":"SP registra menos de 20 mil internados por COVID-19 ap\u00f3s 115 dias acima do patamar"},"content":{"rendered":"\n<p>O Estado de S\u00e3o Paulo inicia o m\u00eas de julho com menos de 20 mil pacientes internados pela COVID-19, depois de 115 dias dias com balan\u00e7os acima desta marca. Hoje (1\u00ba), s\u00e3o 9.556 pacientes em unidades de Terapia Intensiva e 10.207 em enfermaria devido a complica\u00e7\u00f5es da doen\u00e7a.<\/p>\n\n\n\n<p>Em 8 de mar\u00e7o, eram 19.657 interna\u00e7\u00f5es no total, somando 8.657 em UTI e 11 mil em leitos cl\u00ednicos.<\/p>\n\n\n\n<figure class=\"wp-block-image size-large\"><img loading=\"lazy\" decoding=\"async\" width=\"1200\" height=\"801\" src=\"https:\/\/tvtecjundiai.com.br\/news\/wp-content\/uploads\/sites\/2\/2021\/04\/vacinaidosa-1200x801.jpg\" alt=\"\" class=\"wp-image-74640\" srcset=\"https:\/\/tvtecjundiai.com.br\/news\/wp-content\/uploads\/sites\/2\/2021\/04\/vacinaidosa-1200x801.jpg 1200w, https:\/\/tvtecjundiai.com.br\/news\/wp-content\/uploads\/sites\/2\/2021\/04\/vacinaidosa-300x200.jpg 300w, https:\/\/tvtecjundiai.com.br\/news\/wp-content\/uploads\/sites\/2\/2021\/04\/vacinaidosa-768x512.jpg 768w, https:\/\/tvtecjundiai.com.br\/news\/wp-content\/uploads\/sites\/2\/2021\/04\/vacinaidosa.jpg 1280w\" sizes=\"auto, (max-width: 1200px) 100vw, 1200px\" \/><figcaption>Conforme vacina\u00e7\u00e3o avan\u00e7a no Estado de SP,   <\/figcaption><\/figure>\n\n\n\n<p>Em toda pandemia o estado de S\u00e3o Paulo registrou 3.743.291 casos de COVID-19 e 128.322 \u00f3bitos.&nbsp; Do total de casos, 3.330.527 tiveram a doen\u00e7a e j\u00e1 est\u00e3o recuperados, sendo que 394.879 foram internados e receberam alta hospitalar.<\/p>\n\n\n\n<p>A taxa de ocupa\u00e7\u00e3o dos leitos de UTI no estado de hoje (1\u00ba) est\u00e1 em 74,1% e na Grande S\u00e3o Paulo \u00e9 de 68,2%.<\/p>\n\n\n\n<p>O detalhamento dos dados da pandemia est\u00e3o dispon\u00edveis no site\u00a0<a href=\"http:\/\/www.saopaulo.sp.gov.br\/coronavirus\">www.saopaulo.sp.gov.br\/coronavirus<\/a>.<\/p>\n\n\n\n<p><em>(Texto: Portal do Governo\/Imagem: TVTEC)<\/em><\/p>\n","protected":false},"excerpt":{"rendered":"<p>Mais de 3,33 milh\u00f5es pessoas j\u00e1 se recuperaram da doen\u00e7a<\/p>\n","protected":false},"author":28,"featured_media":74640,"comment_status":"closed","ping_status":"closed","sticky":false,"template":"","format":"standard","meta":{"footnotes":""},"categories":[8356,1],"tags":[],"class_list":["post-78571","post","type-post","status-publish","format-standard","has-post-thumbnail","hentry","category-jundiai","category-noticias"],"_links":{"self":[{"href":"https:\/\/tvtecjundiai.com.br\/news\/wp-json\/wp\/v2\/posts\/78571","targetHints":{"allow":["GET"]}}],"collection":[{"href":"https:\/\/tvtecjundiai.com.br\/news\/wp-json\/wp\/v2\/posts"}],"about":[{"href":"https:\/\/tvtecjundiai.com.br\/news\/wp-json\/wp\/v2\/types\/post"}],"author":[{"embeddable":true,"href":"https:\/\/tvtecjundiai.com.br\/news\/wp-json\/wp\/v2\/users\/28"}],"replies":[{"embeddable":true,"href":"https:\/\/tvtecjundiai.com.br\/news\/wp-json\/wp\/v2\/comments?post=78571"}],"version-history":[{"count":1,"href":"https:\/\/tvtecjundiai.com.br\/news\/wp-json\/wp\/v2\/posts\/78571\/revisions"}],"predecessor-version":[{"id":78572,"href":"https:\/\/tvtecjundiai.com.br\/news\/wp-json\/wp\/v2\/posts\/78571\/revisions\/78572"}],"wp:featuredmedia":[{"embeddable":true,"href":"https:\/\/tvtecjundiai.com.br\/news\/wp-json\/wp\/v2\/media\/74640"}],"wp:attachment":[{"href":"https:\/\/tvtecjundiai.com.br\/news\/wp-json\/wp\/v2\/media?parent=78571"}],"wp:term":[{"taxonomy":"category","embeddable":true,"href":"https:\/\/tvtecjundiai.com.br\/news\/wp-json\/wp\/v2\/categories?post=78571"},{"taxonomy":"post_tag","embeddable":true,"href":"https:\/\/tvtecjundiai.com.br\/news\/wp-json\/wp\/v2\/tags?post=78571"}],"curies":[{"name":"wp","href":"https:\/\/api.w.org\/{rel}","templated":true}]}}