{"id":78573,"date":"2021-07-02T15:39:16","date_gmt":"2021-07-02T18:39:16","guid":{"rendered":"https:\/\/tvtecjundiai.com.br\/news\/?p=78573"},"modified":"2021-07-02T15:39:29","modified_gmt":"2021-07-02T18:39:29","slug":"pat-divulga-novas-oportunidades-de-emprego-nesta-sexta-feira-02","status":"publish","type":"post","link":"https:\/\/tvtecjundiai.com.br\/news\/2021\/07\/02\/pat-divulga-novas-oportunidades-de-emprego-nesta-sexta-feira-02\/","title":{"rendered":"PAT divulga novas oportunidades de emprego nesta sexta-feira (02)"},"content":{"rendered":"\n<p>O Portal da Empregabilidade da Prefeitura de Jundia\u00ed (PAT) divulgou em seu site nesta sexta-feira (02), novas vagas de emprego. Confira abaixo algumas das oportunidades:<\/p>\n\n\n\n<div class=\"wp-block-image\"><figure class=\"aligncenter size-large\"><img loading=\"lazy\" decoding=\"async\" width=\"662\" height=\"445\" src=\"https:\/\/tvtecjundiai.com.br\/news\/wp-content\/uploads\/sites\/2\/2017\/10\/carteira-de-trabalho-e1533210887709.jpg\" alt=\"\" class=\"wp-image-2274\" srcset=\"https:\/\/tvtecjundiai.com.br\/news\/wp-content\/uploads\/sites\/2\/2017\/10\/carteira-de-trabalho-e1533210887709.jpg 662w, https:\/\/tvtecjundiai.com.br\/news\/wp-content\/uploads\/sites\/2\/2017\/10\/carteira-de-trabalho-e1533210887709-300x202.jpg 300w\" sizes=\"auto, (max-width: 662px) 100vw, 662px\" \/><\/figure><\/div>\n\n\n\n<p>&#8211; AUXILIAR ADMINISTRATIVO (SECRETARIA ESCOLAR) &#8211; COL\u00c9GIO SER JUNDIA\u00cd \u2013 01<\/p>\n\n\n\n<p>&#8211; OPERADOR DE PRENSA &#8211; CAVO SERVI\u00c7OS E SANEAMENTO S\/A4 \u2013 01<\/p>\n\n\n\n<p>&#8211; EST\u00c1GIO ENGENHARIA SUPORTE T\u00c9CNICO &#8211; WAGO ELETROELETR\u00d4NICOS LTDA \u2013 01<\/p>\n\n\n\n<p>&#8211; FERRAMENTEIRO &#8211; SEMOTE SELE\u00c7\u00c3O PESSOAL LTDA \u2013 01<\/p>\n\n\n\n<p>Para concorrer \u00e0s vagas, o candidato deve acessar o site do portal pelo endere\u00e7o <a href=\"https:\/\/web.jundiai.sp.gov.br\/PMJ\/emprega\/Vaga\">https:\/\/web.jundiai.sp.gov.br\/PMJ\/emprega\/Vaga<\/a> e se cadastrar na vaga desejada.<\/p>\n\n\n\n<p><em>(Texto\/Imagem: TVTEC)<\/em><\/p>\n","protected":false},"excerpt":{"rendered":"<p>Entre as vagas oferecidas est\u00e3o auxiliar administrativo e ferramenteiro<\/p>\n","protected":false},"author":28,"featured_media":2274,"comment_status":"closed","ping_status":"closed","sticky":false,"template":"","format":"standard","meta":{"footnotes":""},"categories":[8356,1],"tags":[],"class_list":["post-78573","post","type-post","status-publish","format-standard","has-post-thumbnail","hentry","category-jundiai","category-noticias"],"_links":{"self":[{"href":"https:\/\/tvtecjundiai.com.br\/news\/wp-json\/wp\/v2\/posts\/78573","targetHints":{"allow":["GET"]}}],"collection":[{"href":"https:\/\/tvtecjundiai.com.br\/news\/wp-json\/wp\/v2\/posts"}],"about":[{"href":"https:\/\/tvtecjundiai.com.br\/news\/wp-json\/wp\/v2\/types\/post"}],"author":[{"embeddable":true,"href":"https:\/\/tvtecjundiai.com.br\/news\/wp-json\/wp\/v2\/users\/28"}],"replies":[{"embeddable":true,"href":"https:\/\/tvtecjundiai.com.br\/news\/wp-json\/wp\/v2\/comments?post=78573"}],"version-history":[{"count":1,"href":"https:\/\/tvtecjundiai.com.br\/news\/wp-json\/wp\/v2\/posts\/78573\/revisions"}],"predecessor-version":[{"id":78574,"href":"https:\/\/tvtecjundiai.com.br\/news\/wp-json\/wp\/v2\/posts\/78573\/revisions\/78574"}],"wp:featuredmedia":[{"embeddable":true,"href":"https:\/\/tvtecjundiai.com.br\/news\/wp-json\/wp\/v2\/media\/2274"}],"wp:attachment":[{"href":"https:\/\/tvtecjundiai.com.br\/news\/wp-json\/wp\/v2\/media?parent=78573"}],"wp:term":[{"taxonomy":"category","embeddable":true,"href":"https:\/\/tvtecjundiai.com.br\/news\/wp-json\/wp\/v2\/categories?post=78573"},{"taxonomy":"post_tag","embeddable":true,"href":"https:\/\/tvtecjundiai.com.br\/news\/wp-json\/wp\/v2\/tags?post=78573"}],"curies":[{"name":"wp","href":"https:\/\/api.w.org\/{rel}","templated":true}]}}