{"id":78575,"date":"2021-07-02T15:54:12","date_gmt":"2021-07-02T18:54:12","guid":{"rendered":"https:\/\/tvtecjundiai.com.br\/news\/?p=78575"},"modified":"2021-07-02T15:54:16","modified_gmt":"2021-07-02T18:54:16","slug":"superendividamento-ganha-tratamento-legal-especifico-com-lei-federal","status":"publish","type":"post","link":"https:\/\/tvtecjundiai.com.br\/news\/2021\/07\/02\/superendividamento-ganha-tratamento-legal-especifico-com-lei-federal\/","title":{"rendered":"Superendividamento ganha tratamento legal espec\u00edfico com lei federal"},"content":{"rendered":"\n<p>Depois de anos de trabalho e empenho dos \u00f3rg\u00e3os do Sistema Nacional de Defesa do Consumidor, em todo o pa\u00eds, foi sancionada, nesta quinta-feira (1\u00ba), a Lei n\u00ba 14.181\/2021, que altera o CDC (C\u00f3digo de Defesa do Consumidor) e o Estatuto do Idoso, para \u201caperfei\u00e7oar a disciplina do cr\u00e9dito ao consumidor\u201d e tamb\u00e9m para \u201cdispor sobre a preven\u00e7\u00e3o e o tratamento do superendividamento\u201d.<\/p>\n\n\n\n<figure class=\"wp-block-image size-large\"><img loading=\"lazy\" decoding=\"async\" width=\"1197\" height=\"798\" src=\"https:\/\/tvtecjundiai.com.br\/news\/wp-content\/uploads\/sites\/2\/2021\/07\/procon-12.jpg\" alt=\"\" class=\"wp-image-78576\" srcset=\"https:\/\/tvtecjundiai.com.br\/news\/wp-content\/uploads\/sites\/2\/2021\/07\/procon-12.jpg 1197w, https:\/\/tvtecjundiai.com.br\/news\/wp-content\/uploads\/sites\/2\/2021\/07\/procon-12-300x200.jpg 300w, https:\/\/tvtecjundiai.com.br\/news\/wp-content\/uploads\/sites\/2\/2021\/07\/procon-12-768x512.jpg 768w\" sizes=\"auto, (max-width: 1197px) 100vw, 1197px\" \/><\/figure>\n\n\n\n<p>O Procon Jundia\u00ed, conjuntamente com outros \u00f3rg\u00e3os de defesa do consumidor e com apoio da Funda\u00e7\u00e3o PROCON\/SP, assinou uma mo\u00e7\u00e3o de apoio \u00e0 promulga\u00e7\u00e3o da Lei, encaminhada \u00e0 Presid\u00eancia da Rep\u00fablica antes de sua san\u00e7\u00e3o.<\/p>\n\n\n\n<p>\u201cA nova sistem\u00e1tica de tratamento desses casos d\u00e1 a possibilidade de fazer negocia\u00e7\u00f5es e interven\u00e7\u00f5es mais estruturadas, para que os consumidores possam pagar suas d\u00edvidas dentro de um plano claro, fact\u00edvel e obrigat\u00f3rio\u201d, explica a chefe do Procon de Jundia\u00ed, Gabriela Glinternik. \u201cAl\u00e9m disso, a Lei tamb\u00e9m aborda temas como a garantia de pr\u00e1ticas de cr\u00e9dito respons\u00e1vel, de educa\u00e7\u00e3o financeira e ambiental, de preven\u00e7\u00e3o e de tratamento diferenciado das situa\u00e7\u00f5es de superendividamento, nos \u00e2mbitos judicial e extrajudicial.\u201d<\/p>\n\n\n\n<p>O Procon Jundia\u00ed atende presencialmente, mediante agendamento pr\u00e9vio. Consulte as formas de\u00a0<a rel=\"noreferrer noopener\" href=\"https:\/\/procon.jundiai.sp.gov.br\/formas-de-atendimento\" target=\"_blank\">atendimento acessando o site<\/a>.<\/p>\n\n\n\n<p><em>(Texto\/Imagem: Prefeitura de Jundia\u00ed)<\/em><\/p>\n","protected":false},"excerpt":{"rendered":"<p>Foi sancionada, nesta quinta-feira (1\u00ba), a Lei n\u00ba 14.181\/2021, que altera o C\u00f3digo de Defesa do Consumidor <\/p>\n","protected":false},"author":28,"featured_media":78576,"comment_status":"closed","ping_status":"closed","sticky":false,"template":"","format":"standard","meta":{"footnotes":""},"categories":[8356,1],"tags":[],"class_list":["post-78575","post","type-post","status-publish","format-standard","has-post-thumbnail","hentry","category-jundiai","category-noticias"],"_links":{"self":[{"href":"https:\/\/tvtecjundiai.com.br\/news\/wp-json\/wp\/v2\/posts\/78575","targetHints":{"allow":["GET"]}}],"collection":[{"href":"https:\/\/tvtecjundiai.com.br\/news\/wp-json\/wp\/v2\/posts"}],"about":[{"href":"https:\/\/tvtecjundiai.com.br\/news\/wp-json\/wp\/v2\/types\/post"}],"author":[{"embeddable":true,"href":"https:\/\/tvtecjundiai.com.br\/news\/wp-json\/wp\/v2\/users\/28"}],"replies":[{"embeddable":true,"href":"https:\/\/tvtecjundiai.com.br\/news\/wp-json\/wp\/v2\/comments?post=78575"}],"version-history":[{"count":1,"href":"https:\/\/tvtecjundiai.com.br\/news\/wp-json\/wp\/v2\/posts\/78575\/revisions"}],"predecessor-version":[{"id":78577,"href":"https:\/\/tvtecjundiai.com.br\/news\/wp-json\/wp\/v2\/posts\/78575\/revisions\/78577"}],"wp:featuredmedia":[{"embeddable":true,"href":"https:\/\/tvtecjundiai.com.br\/news\/wp-json\/wp\/v2\/media\/78576"}],"wp:attachment":[{"href":"https:\/\/tvtecjundiai.com.br\/news\/wp-json\/wp\/v2\/media?parent=78575"}],"wp:term":[{"taxonomy":"category","embeddable":true,"href":"https:\/\/tvtecjundiai.com.br\/news\/wp-json\/wp\/v2\/categories?post=78575"},{"taxonomy":"post_tag","embeddable":true,"href":"https:\/\/tvtecjundiai.com.br\/news\/wp-json\/wp\/v2\/tags?post=78575"}],"curies":[{"name":"wp","href":"https:\/\/api.w.org\/{rel}","templated":true}]}}