{"id":78578,"date":"2021-07-02T16:10:25","date_gmt":"2021-07-02T19:10:25","guid":{"rendered":"https:\/\/tvtecjundiai.com.br\/news\/?p=78578"},"modified":"2021-07-02T16:10:34","modified_gmt":"2021-07-02T19:10:34","slug":"reuniao-do-pdl-para-retomada-da-economia-aborda-qualificacao-de-mao-de-obra","status":"publish","type":"post","link":"https:\/\/tvtecjundiai.com.br\/news\/2021\/07\/02\/reuniao-do-pdl-para-retomada-da-economia-aborda-qualificacao-de-mao-de-obra\/","title":{"rendered":"Reuni\u00e3o do PDL para retomada da economia aborda qualifica\u00e7\u00e3o de m\u00e3o de obra"},"content":{"rendered":"\n<p>A Prefeitura de Jundia\u00ed, o Sebrae e a Governan\u00e7a, setor que inclui diferentes institui\u00e7\u00f5es que representam os setores da ind\u00fastria, com\u00e9rcio e servi\u00e7os, realizaram uma reuni\u00e3o de trabalho on-line, na manh\u00e3 desta sexta-feira (2), para identificar as demandas de qualifica\u00e7\u00e3o de m\u00e3o de obra na cidade de Jundia\u00ed, dentro das a\u00e7\u00f5es do PDL (Programa de Desenvolvimento Local) para retomada da economia. O objetivo do programa \u00e9 fortalecer a economia local e mitigar os efeitos causados, desde mar\u00e7o do ano passado, pela pandemia do coronav\u00edrus.<\/p>\n\n\n\n<p>O PDL faz parte do programa Jundia\u00ed Empreendedora, lan\u00e7ado no ano passado, e chega agora \u00e0 fase de execu\u00e7\u00e3o e acompanhamento dos trabalhos, depois de passar pelas fases de elabora\u00e7\u00e3o do diagn\u00f3stico e da agenda de trabalho. Os mais de 90 representantes do poder p\u00fablico, do Sebrae e da Governan\u00e7a foram convidados, durante a reuni\u00e3o, a preencher um relat\u00f3rio que visa mapear a situa\u00e7\u00e3o da m\u00e3o de obra no munic\u00edpio, para assim entender as necessidades de qualifica\u00e7\u00e3o.<\/p>\n\n\n\n<p>O gestor de Governo e Finan\u00e7as, Jos\u00e9 Antonio Parimoschi, citou a import\u00e2ncia de aumentar a m\u00e3o de obra qualificada em Jundia\u00ed. \u201cA oferta de m\u00e3o de obra \u00e9 um dos principais fatores que atraem empresas para a cidade\u201d, declarou. \u201cJundia\u00ed tem atra\u00eddo muitas empresas, gerado empregos, mas ainda assim \u00e9 essencial evoluir nesse diagn\u00f3stico e descobrir quais s\u00e3o os gargalos para a contrata\u00e7\u00e3o de m\u00e3o de obra.\u201d Aos presentes, Parimoschi lembrou que Jundia\u00ed foi destaque recente na 6\u00aa edi\u00e7\u00e3o do ranking \u201cCidades do Futuro\u201d, realizado pela FDI Intelligence, entidade ligada ao Financial Times. \u201cNosso munic\u00edpio est\u00e1 entre as 25 cidades na nova categoria Estrat\u00e9gia de Promo\u00e7\u00e3o de Investimentos Estrangeiros Diretos, na 13\u00b0 posi\u00e7\u00e3o de um ranking mundial\u201d, observou o gestor.<\/p>\n\n\n\n<figure class=\"wp-block-image size-large\"><img loading=\"lazy\" decoding=\"async\" width=\"1200\" height=\"797\" src=\"https:\/\/tvtecjundiai.com.br\/news\/wp-content\/uploads\/sites\/2\/2021\/07\/live-pdl-9-1200x797.jpg\" alt=\"\" class=\"wp-image-78579\" srcset=\"https:\/\/tvtecjundiai.com.br\/news\/wp-content\/uploads\/sites\/2\/2021\/07\/live-pdl-9-1200x797.jpg 1200w, https:\/\/tvtecjundiai.com.br\/news\/wp-content\/uploads\/sites\/2\/2021\/07\/live-pdl-9-300x199.jpg 300w, https:\/\/tvtecjundiai.com.br\/news\/wp-content\/uploads\/sites\/2\/2021\/07\/live-pdl-9-768x510.jpg 768w, https:\/\/tvtecjundiai.com.br\/news\/wp-content\/uploads\/sites\/2\/2021\/07\/live-pdl-9.jpg 1217w\" sizes=\"auto, (max-width: 1200px) 100vw, 1200px\" \/><figcaption>Gestor de Governo e Finan\u00e7as, Parimoschi falou da import\u00e2ncia de se ter m\u00e3o de obra qualificada para a atra\u00e7\u00e3o de mais empresas<\/figcaption><\/figure>\n\n\n\n<p>O gerente regional do Sebrae, Marcelo Paranzini, lembrou aos presentes que o PDL, em sua atual fase, busca n\u00e3o apenas identificar as necessidades de m\u00e3o de obra na cidade, mas tamb\u00e9m compreender qual o perfil t\u00e9cnico dispon\u00edvel e assim implantar formas de qualifica\u00e7\u00e3o. \u201cTodas as respostas dadas ao nosso formul\u00e1rio ser\u00e3o tabuladas e servir\u00e3o de guia para nosso trabalho.\u201d<\/p>\n\n\n\n<p>Segundo o gestor de Desenvolvimento Econ\u00f4mico, Ci\u00eancia e Tecnologia, Cristiano Lopes, h\u00e1 um di\u00e1logo direto e semanal com diferentes empresas de Jundia\u00ed e, nesses encontros, a dificuldade de encontrar m\u00e3o de obra qualificada para algumas fun\u00e7\u00f5es \u00e9 relatada. \u201cPrecisamos unir as necessidades: de um lado h\u00e1 o trabalhador que procura emprego e muitas vezes tem dificuldade para encontrar, e, do outro, a empresa que tamb\u00e9m tem sua dificuldade para preencher uma vaga\u201d, relatou Cristiano. \u201cNesse trabalho com o Sebrae, e com a ajuda de nosso rec\u00e9m-inaugurado&nbsp;<a href=\"https:\/\/negocios.jundiai.sp.gov.br\/\" target=\"_blank\" rel=\"noreferrer noopener\">portal Jundia\u00ed Empreendedora<\/a>, poderemos entender as necessidades das empresas e dos trabalhadores e buscar solu\u00e7\u00f5es.\u201d<\/p>\n\n\n\n<p>Institui\u00e7\u00f5es e empresas que desejam participar da constru\u00e7\u00e3o do PDL podem fazer o preenchimento do relat\u00f3rio da fase de demandas de qualifica\u00e7\u00e3o de m\u00e3o de obra clicando\u00a0<a rel=\"noreferrer noopener\" href=\"https:\/\/docs.google.com\/forms\/d\/e\/1FAIpQLSc2qk1mVx60nvNU9blCwC_TC2xcigoiaNOKksy1U279wHb84g\/viewform\" target=\"_blank\"><strong>AQUI<\/strong><\/a>.<\/p>\n\n\n\n<figure class=\"wp-block-image size-large\"><img loading=\"lazy\" decoding=\"async\" width=\"1200\" height=\"800\" src=\"https:\/\/tvtecjundiai.com.br\/news\/wp-content\/uploads\/sites\/2\/2021\/07\/live-pdl-13-1200x800.jpg\" alt=\"\" class=\"wp-image-78580\" srcset=\"https:\/\/tvtecjundiai.com.br\/news\/wp-content\/uploads\/sites\/2\/2021\/07\/live-pdl-13-1200x800.jpg 1200w, https:\/\/tvtecjundiai.com.br\/news\/wp-content\/uploads\/sites\/2\/2021\/07\/live-pdl-13-300x200.jpg 300w, https:\/\/tvtecjundiai.com.br\/news\/wp-content\/uploads\/sites\/2\/2021\/07\/live-pdl-13-768x512.jpg 768w, https:\/\/tvtecjundiai.com.br\/news\/wp-content\/uploads\/sites\/2\/2021\/07\/live-pdl-13.jpg 1280w\" sizes=\"auto, (max-width: 1200px) 100vw, 1200px\" \/><figcaption>Reuni\u00e3o de trabalho virtual do PDL reuniu mais de 90 pessoas e apresentou um relat\u00f3rio para a indica\u00e7\u00e3o de demandas para a qualifica\u00e7\u00e3o da m\u00e3o de obra<\/figcaption><\/figure>\n\n\n\n<p><em>(Texto\/Imagem: Prefeitura de Jundia\u00ed)<\/em><\/p>\n","protected":false},"excerpt":{"rendered":"<p>O objetivo do programa \u00e9 fortalecer a economia local e mitigar os efeitos causados pela pandemia<\/p>\n","protected":false},"author":28,"featured_media":78579,"comment_status":"closed","ping_status":"closed","sticky":false,"template":"","format":"standard","meta":{"footnotes":""},"categories":[8356,1],"tags":[],"class_list":["post-78578","post","type-post","status-publish","format-standard","has-post-thumbnail","hentry","category-jundiai","category-noticias"],"_links":{"self":[{"href":"https:\/\/tvtecjundiai.com.br\/news\/wp-json\/wp\/v2\/posts\/78578","targetHints":{"allow":["GET"]}}],"collection":[{"href":"https:\/\/tvtecjundiai.com.br\/news\/wp-json\/wp\/v2\/posts"}],"about":[{"href":"https:\/\/tvtecjundiai.com.br\/news\/wp-json\/wp\/v2\/types\/post"}],"author":[{"embeddable":true,"href":"https:\/\/tvtecjundiai.com.br\/news\/wp-json\/wp\/v2\/users\/28"}],"replies":[{"embeddable":true,"href":"https:\/\/tvtecjundiai.com.br\/news\/wp-json\/wp\/v2\/comments?post=78578"}],"version-history":[{"count":1,"href":"https:\/\/tvtecjundiai.com.br\/news\/wp-json\/wp\/v2\/posts\/78578\/revisions"}],"predecessor-version":[{"id":78581,"href":"https:\/\/tvtecjundiai.com.br\/news\/wp-json\/wp\/v2\/posts\/78578\/revisions\/78581"}],"wp:featuredmedia":[{"embeddable":true,"href":"https:\/\/tvtecjundiai.com.br\/news\/wp-json\/wp\/v2\/media\/78579"}],"wp:attachment":[{"href":"https:\/\/tvtecjundiai.com.br\/news\/wp-json\/wp\/v2\/media?parent=78578"}],"wp:term":[{"taxonomy":"category","embeddable":true,"href":"https:\/\/tvtecjundiai.com.br\/news\/wp-json\/wp\/v2\/categories?post=78578"},{"taxonomy":"post_tag","embeddable":true,"href":"https:\/\/tvtecjundiai.com.br\/news\/wp-json\/wp\/v2\/tags?post=78578"}],"curies":[{"name":"wp","href":"https:\/\/api.w.org\/{rel}","templated":true}]}}