{"id":78583,"date":"2021-07-02T16:27:31","date_gmt":"2021-07-02T19:27:31","guid":{"rendered":"https:\/\/tvtecjundiai.com.br\/news\/?p=78583"},"modified":"2021-07-02T16:27:40","modified_gmt":"2021-07-02T19:27:40","slug":"funss-de-jundiai-esta-com-inscricoes-abertas-para-cursos-de-qualificacao-profissional","status":"publish","type":"post","link":"https:\/\/tvtecjundiai.com.br\/news\/2021\/07\/02\/funss-de-jundiai-esta-com-inscricoes-abertas-para-cursos-de-qualificacao-profissional\/","title":{"rendered":"Funss de Jundia\u00ed est\u00e1 com inscri\u00e7\u00f5es abertas para cursos de qualifica\u00e7\u00e3o profissional"},"content":{"rendered":"\n<p>O Fundo Social de Solidariedade de Jundia\u00ed (Funss) abre, nesta sexta-feira (02), inscri\u00e7\u00f5es para quatro cursos gratuitos de qualifica\u00e7\u00e3o profissional: Oficina de Bonecas, Curso de Manicure (matutino), Curso de Manicure (noturno) e Curso de Barbeiro.<\/p>\n\n\n\n<p>Poder\u00e3o participar pessoas com 16 anos ou mais, residentes em Jundia\u00ed e que tenham o Ensino Fundamental completo. As matr\u00edculas dever\u00e3o ser realizadas pela internet, por meio dos links abaixo, at\u00e9 o preenchimento de todas as vagas, cujo crit\u00e9rio \u00e9 a ordem de envio do formul\u00e1rio, que considera hora, minuto e segundo. Os nomes dos alunos matriculados ser\u00e3o divulgados no site da Prefeitura de Jundia\u00ed e dados detalhados ser\u00e3o repassados por meio do contato de WhatsApp informado no ato da inscri\u00e7\u00e3o. As fichas n\u00e3o contempladas est\u00e3o, automaticamente, na lista de espera e poder\u00e3o ser convocadas em caso de desist\u00eancia.<\/p>\n\n\n\n<p>Veja o cronograma:<\/p>\n\n\n\n<p><strong>Oficina de Bonecas<\/strong><\/p>\n\n\n\n<p>Datas:&nbsp; 08, 15, 22 e 29\/07\/2021 \u2013 sempre \u00e0s quintas-feiras<\/p>\n\n\n\n<p>Hor\u00e1rio: 13h \u00e0s 17h<\/p>\n\n\n\n<p>Local: Fundo Social<\/p>\n\n\n\n<p>Vagas: 8 vagas<\/p>\n\n\n\n<p>Idade m\u00ednima 16 anos e Ensino Fundamental<\/p>\n\n\n\n<p><strong>LINK PARA INSCRI\u00c7\u00c3O:<\/strong>&nbsp;<a href=\"https:\/\/forms.gle\/sZQxZ4sRAkUHx2e69\">https:\/\/forms.gle\/sZQxZ4sRAkUHx2e69<\/a><\/p>\n\n\n\n<p><strong>Curso: Manicure (Manh\u00e3)<\/strong><\/p>\n\n\n\n<p>Datas:&nbsp; 12, 13, 19, 20, 21, 22, 26, 27, 28 e 29\/07\/2021 e 02\/08 e 03\/08\/2021<\/p>\n\n\n\n<p>Hor\u00e1rio: 8h \u00e0s 12h<\/p>\n\n\n\n<p>Dias: 2\u00aa a 5\u00aa feira<\/p>\n\n\n\n<p>Local: Fundo Social<\/p>\n\n\n\n<p>Vagas: 10 vagas<\/p>\n\n\n\n<p>Idade m\u00ednima 16 anos e Ensino Fundamental<\/p>\n\n\n\n<p><strong>LINK PARA INSCRI\u00c7\u00c3O<\/strong>:&nbsp;<a href=\"https:\/\/forms.gle\/anv6yPEZFf5GgcBD9\">https:\/\/forms.gle\/anv6yPEZFf5GgcBD9<\/a><\/p>\n\n\n\n<p><strong>Curso: Manicure (Noite)<\/strong><\/p>\n\n\n\n<p>Datas: 12, 13, 19, 20, 21, 22, 26, 27, 28 e 29\/07\/2021 e 02\/08 e 03\/08\/2021<\/p>\n\n\n\n<p>Hor\u00e1rio: 18h \u00e0s 22h<\/p>\n\n\n\n<p>Dias: 2\u00aa a 5\u00aa feira<\/p>\n\n\n\n<p>Local: Fundo Social<\/p>\n\n\n\n<p>Vagas: 10 vagas<\/p>\n\n\n\n<p>Idade m\u00ednima 16 anos e Ensino Fundamental<\/p>\n\n\n\n<p><strong>LINK PARA INSCRI\u00c7\u00c3O:<\/strong>&nbsp;<a href=\"https:\/\/forms.gle\/iFLGvHfnSxNKs2bx9\">https:\/\/forms.gle\/iFLGvHfnSxNKs2bx9<\/a><\/p>\n\n\n\n<p><strong>Curso: Barbeiro<\/strong><\/p>\n\n\n\n<p>Data: 12\/07 a 05\/08\/2021<\/p>\n\n\n\n<p>Hor\u00e1rio: 13h \u00e0s 17h<\/p>\n\n\n\n<p>Dias: 2\u00aa a 6\u00aa feira<\/p>\n\n\n\n<p>Local: Fundo Social<\/p>\n\n\n\n<p>Vagas: 10 vagas<\/p>\n\n\n\n<p>Idade m\u00ednima 16 anos e Ensino Fundamental<\/p>\n\n\n\n<p><strong>LINK PARA INSCRI\u00c7\u00c3O:<\/strong>&nbsp;<a href=\"https:\/\/forms.gle\/uTT4QFvUN7w3BCXz6\">https:\/\/forms.gle\/uTT4QFvUN7w3BCXz6<\/a><\/p>\n\n\n\n<figure class=\"wp-block-image size-large\"><img loading=\"lazy\" decoding=\"async\" width=\"1200\" height=\"800\" src=\"https:\/\/tvtecjundiai.com.br\/news\/wp-content\/uploads\/sites\/2\/2021\/07\/manicure-e-pedicure-37-1200x800.jpg\" alt=\"\" class=\"wp-image-78584\" srcset=\"https:\/\/tvtecjundiai.com.br\/news\/wp-content\/uploads\/sites\/2\/2021\/07\/manicure-e-pedicure-37-1200x800.jpg 1200w, https:\/\/tvtecjundiai.com.br\/news\/wp-content\/uploads\/sites\/2\/2021\/07\/manicure-e-pedicure-37-300x200.jpg 300w, https:\/\/tvtecjundiai.com.br\/news\/wp-content\/uploads\/sites\/2\/2021\/07\/manicure-e-pedicure-37-768x512.jpg 768w, https:\/\/tvtecjundiai.com.br\/news\/wp-content\/uploads\/sites\/2\/2021\/07\/manicure-e-pedicure-37.jpg 1280w\" sizes=\"auto, (max-width: 1200px) 100vw, 1200px\" \/><\/figure>\n\n\n\n<p>Por se tratar de cursos de qualifica\u00e7\u00e3o profissional presenciais, ser\u00e3o seguidas todas as normas de seguran\u00e7a sanit\u00e1rias como distanciamento social, capacidade m\u00e1xima da sala e uso de \u00e1lcool em gel, entre outros. O uso de m\u00e1scara \u00e9 obrigat\u00f3rio. N\u00e3o ser\u00e1 permitida a entrada e a perman\u00eancia de alunos sem m\u00e1scara.<\/p>\n\n\n\n<p>As aulas das capacita\u00e7\u00f5es ser\u00e3o realizadas na sede do Fundo Social, dentro do Parque da Uva. O acesso \u00e9 pela avenida Dona Manoela Lacerda de Vergueiro, s\/n, port\u00e3o 03, bairro Anhangaba\u00fa. O funcionamento da unidade \u00e9 de segunda a sexta-feira, das 8h \u00e0s 17h, exceto feriados. Informa\u00e7\u00f5es: (11) 4521-2762, 4521-2929 e 4521-6833.<\/p>\n\n\n\n<p><em>(Texto\/Imagem: Prefeitura de Jundia\u00ed)<\/em><\/p>\n","protected":false},"excerpt":{"rendered":"<p>As inscri\u00e7\u00f5es s\u00e3o para quatro cursos gratuitos de qualifica\u00e7\u00e3o profissional<\/p>\n","protected":false},"author":28,"featured_media":78584,"comment_status":"closed","ping_status":"closed","sticky":false,"template":"","format":"standard","meta":{"footnotes":""},"categories":[8356,1],"tags":[],"class_list":["post-78583","post","type-post","status-publish","format-standard","has-post-thumbnail","hentry","category-jundiai","category-noticias"],"_links":{"self":[{"href":"https:\/\/tvtecjundiai.com.br\/news\/wp-json\/wp\/v2\/posts\/78583","targetHints":{"allow":["GET"]}}],"collection":[{"href":"https:\/\/tvtecjundiai.com.br\/news\/wp-json\/wp\/v2\/posts"}],"about":[{"href":"https:\/\/tvtecjundiai.com.br\/news\/wp-json\/wp\/v2\/types\/post"}],"author":[{"embeddable":true,"href":"https:\/\/tvtecjundiai.com.br\/news\/wp-json\/wp\/v2\/users\/28"}],"replies":[{"embeddable":true,"href":"https:\/\/tvtecjundiai.com.br\/news\/wp-json\/wp\/v2\/comments?post=78583"}],"version-history":[{"count":1,"href":"https:\/\/tvtecjundiai.com.br\/news\/wp-json\/wp\/v2\/posts\/78583\/revisions"}],"predecessor-version":[{"id":78585,"href":"https:\/\/tvtecjundiai.com.br\/news\/wp-json\/wp\/v2\/posts\/78583\/revisions\/78585"}],"wp:featuredmedia":[{"embeddable":true,"href":"https:\/\/tvtecjundiai.com.br\/news\/wp-json\/wp\/v2\/media\/78584"}],"wp:attachment":[{"href":"https:\/\/tvtecjundiai.com.br\/news\/wp-json\/wp\/v2\/media?parent=78583"}],"wp:term":[{"taxonomy":"category","embeddable":true,"href":"https:\/\/tvtecjundiai.com.br\/news\/wp-json\/wp\/v2\/categories?post=78583"},{"taxonomy":"post_tag","embeddable":true,"href":"https:\/\/tvtecjundiai.com.br\/news\/wp-json\/wp\/v2\/tags?post=78583"}],"curies":[{"name":"wp","href":"https:\/\/api.w.org\/{rel}","templated":true}]}}