{"id":78588,"date":"2021-07-02T16:39:20","date_gmt":"2021-07-02T19:39:20","guid":{"rendered":"https:\/\/tvtecjundiai.com.br\/news\/?p=78588"},"modified":"2021-07-02T16:41:00","modified_gmt":"2021-07-02T19:41:00","slug":"jundiai-registra-tres-obitos-por-covid-19-nesta-sexta-feira-02-2","status":"publish","type":"post","link":"https:\/\/tvtecjundiai.com.br\/news\/2021\/07\/02\/jundiai-registra-tres-obitos-por-covid-19-nesta-sexta-feira-02-2\/","title":{"rendered":"Jundia\u00ed registra 202 novos casos de COVID-19 nesta sexta-feira (02)"},"content":{"rendered":"\n<p>A Prefeitura de Jundia\u00ed informa que, nesta sexta-feira (02), tr\u00eas \u00f3bitos foram contabilizados de residentes na cidade causados pelo Novo Coronav\u00edrus.<\/p>\n\n\n\n<p>Homem, 65 anos, portador de doen\u00e7a cardiovascular cr\u00f4nica e diabetes. Internou 19\/06 e faleceu 01\/07 no hospital S\u00e3o Vicente.<\/p>\n\n\n\n<p>Homem, 62 anos, diab\u00e9tico. Internou 14\/06 e faleceu 01\/07 no hospital &nbsp;S\u00e3o Vicente.<\/p>\n\n\n\n<p>Homem, 61 anos, obeso, portador de doen\u00e7a cardiovascular cr\u00f4nica. Internou 20\/06 e faleceu 01\/07 em hospital privado da cidade.<\/p>\n\n\n\n<p>At\u00e9 o momento, a cidade registra 1406 \u00f3bitos causados pela COVID-19 desde o in\u00edcio da pandemia.<\/p>\n\n\n\n<figure class=\"wp-block-image size-large\"><img loading=\"lazy\" decoding=\"async\" width=\"960\" height=\"960\" src=\"https:\/\/tvtecjundiai.com.br\/news\/wp-content\/uploads\/sites\/2\/2021\/07\/slide1-1-960x960.png\" alt=\"\" class=\"wp-image-78591\" srcset=\"https:\/\/tvtecjundiai.com.br\/news\/wp-content\/uploads\/sites\/2\/2021\/07\/slide1-1-960x960.png 960w, https:\/\/tvtecjundiai.com.br\/news\/wp-content\/uploads\/sites\/2\/2021\/07\/slide1-1-300x300.png 300w, https:\/\/tvtecjundiai.com.br\/news\/wp-content\/uploads\/sites\/2\/2021\/07\/slide1-1-100x100.png 100w, https:\/\/tvtecjundiai.com.br\/news\/wp-content\/uploads\/sites\/2\/2021\/07\/slide1-1-768x768.png 768w, https:\/\/tvtecjundiai.com.br\/news\/wp-content\/uploads\/sites\/2\/2021\/07\/slide1-1.png 1280w\" sizes=\"auto, (max-width: 960px) 100vw, 960px\" \/><\/figure>\n\n\n\n<figure class=\"wp-block-image size-large\"><img loading=\"lazy\" decoding=\"async\" width=\"960\" height=\"960\" src=\"https:\/\/tvtecjundiai.com.br\/news\/wp-content\/uploads\/sites\/2\/2021\/07\/slide2-1-960x960.png\" alt=\"\" class=\"wp-image-78592\" srcset=\"https:\/\/tvtecjundiai.com.br\/news\/wp-content\/uploads\/sites\/2\/2021\/07\/slide2-1-960x960.png 960w, https:\/\/tvtecjundiai.com.br\/news\/wp-content\/uploads\/sites\/2\/2021\/07\/slide2-1-300x300.png 300w, https:\/\/tvtecjundiai.com.br\/news\/wp-content\/uploads\/sites\/2\/2021\/07\/slide2-1-100x100.png 100w, https:\/\/tvtecjundiai.com.br\/news\/wp-content\/uploads\/sites\/2\/2021\/07\/slide2-1-768x768.png 768w, https:\/\/tvtecjundiai.com.br\/news\/wp-content\/uploads\/sites\/2\/2021\/07\/slide2-1.png 1280w\" sizes=\"auto, (max-width: 960px) 100vw, 960px\" \/><\/figure>\n\n\n\n<p><em>(Texto\/Imagem: Prefeitura de Jundia\u00ed)<\/em><\/p>\n","protected":false},"excerpt":{"rendered":"<p>Tamb\u00e9m foram registrados 202 novos casos da doen\u00e7a na cidade<\/p>\n","protected":false},"author":28,"featured_media":72287,"comment_status":"closed","ping_status":"closed","sticky":false,"template":"","format":"standard","meta":{"footnotes":""},"categories":[8356,1],"tags":[],"class_list":["post-78588","post","type-post","status-publish","format-standard","has-post-thumbnail","hentry","category-jundiai","category-noticias"],"_links":{"self":[{"href":"https:\/\/tvtecjundiai.com.br\/news\/wp-json\/wp\/v2\/posts\/78588","targetHints":{"allow":["GET"]}}],"collection":[{"href":"https:\/\/tvtecjundiai.com.br\/news\/wp-json\/wp\/v2\/posts"}],"about":[{"href":"https:\/\/tvtecjundiai.com.br\/news\/wp-json\/wp\/v2\/types\/post"}],"author":[{"embeddable":true,"href":"https:\/\/tvtecjundiai.com.br\/news\/wp-json\/wp\/v2\/users\/28"}],"replies":[{"embeddable":true,"href":"https:\/\/tvtecjundiai.com.br\/news\/wp-json\/wp\/v2\/comments?post=78588"}],"version-history":[{"count":4,"href":"https:\/\/tvtecjundiai.com.br\/news\/wp-json\/wp\/v2\/posts\/78588\/revisions"}],"predecessor-version":[{"id":78598,"href":"https:\/\/tvtecjundiai.com.br\/news\/wp-json\/wp\/v2\/posts\/78588\/revisions\/78598"}],"wp:featuredmedia":[{"embeddable":true,"href":"https:\/\/tvtecjundiai.com.br\/news\/wp-json\/wp\/v2\/media\/72287"}],"wp:attachment":[{"href":"https:\/\/tvtecjundiai.com.br\/news\/wp-json\/wp\/v2\/media?parent=78588"}],"wp:term":[{"taxonomy":"category","embeddable":true,"href":"https:\/\/tvtecjundiai.com.br\/news\/wp-json\/wp\/v2\/categories?post=78588"},{"taxonomy":"post_tag","embeddable":true,"href":"https:\/\/tvtecjundiai.com.br\/news\/wp-json\/wp\/v2\/tags?post=78588"}],"curies":[{"name":"wp","href":"https:\/\/api.w.org\/{rel}","templated":true}]}}