{"id":78602,"date":"2021-07-02T17:07:09","date_gmt":"2021-07-02T20:07:09","guid":{"rendered":"https:\/\/tvtecjundiai.com.br\/news\/?p=78602"},"modified":"2021-07-02T17:07:15","modified_gmt":"2021-07-02T20:07:15","slug":"boletim-epidemiologico-covid-19-faz-o-acompanhamento-do-cenario-nas-escolas","status":"publish","type":"post","link":"https:\/\/tvtecjundiai.com.br\/news\/2021\/07\/02\/boletim-epidemiologico-covid-19-faz-o-acompanhamento-do-cenario-nas-escolas\/","title":{"rendered":"Boletim Epidemiol\u00f3gico COVID-19 faz o acompanhamento do cen\u00e1rio nas escolas"},"content":{"rendered":"\n<p>A Unidade de Gest\u00e3o de Promo\u00e7\u00e3o da Sa\u00fade, por meio da Vigil\u00e2ncia Epidemiol\u00f3gica, apresenta o boletim da situa\u00e7\u00e3o epidemiol\u00f3gica nas escolas da rede municipal de Jundia\u00ed, semanalmente. A publica\u00e7\u00e3o tem como foco manter a transpar\u00eancia em rela\u00e7\u00e3o aos servi\u00e7os de Educa\u00e7\u00e3o municipal em Jundia\u00ed.<\/p>\n\n\n\n<p>No per\u00edodo de 24 a 30 de junho foi registrado apenas um caso em aluno e nenhum caso em profissionais de Educa\u00e7\u00e3o (professores, coordenadores, administrativos, profissionais que atuam na limpeza, cozinha, entre outros). Desde o in\u00edcio do ano letivo de 2021, foram confirmados, at\u00e9 30 de junho, 179 casos positivos em alunos e 290 casos em profissionais de educa\u00e7\u00e3o.<\/p>\n\n\n\n<figure class=\"wp-block-image size-large\"><img loading=\"lazy\" decoding=\"async\" width=\"1200\" height=\"800\" src=\"https:\/\/tvtecjundiai.com.br\/news\/wp-content\/uploads\/sites\/2\/2021\/07\/aplicativo-educacao-covid_c_-2_-1200x800.jpg\" alt=\"\" class=\"wp-image-78603\" srcset=\"https:\/\/tvtecjundiai.com.br\/news\/wp-content\/uploads\/sites\/2\/2021\/07\/aplicativo-educacao-covid_c_-2_-1200x800.jpg 1200w, https:\/\/tvtecjundiai.com.br\/news\/wp-content\/uploads\/sites\/2\/2021\/07\/aplicativo-educacao-covid_c_-2_-300x200.jpg 300w, https:\/\/tvtecjundiai.com.br\/news\/wp-content\/uploads\/sites\/2\/2021\/07\/aplicativo-educacao-covid_c_-2_-768x512.jpg 768w, https:\/\/tvtecjundiai.com.br\/news\/wp-content\/uploads\/sites\/2\/2021\/07\/aplicativo-educacao-covid_c_-2_.jpg 1280w\" sizes=\"auto, (max-width: 1200px) 100vw, 1200px\" \/><\/figure>\n\n\n\n<p>Seguindo as orienta\u00e7\u00f5es do Comit\u00ea de Enfrentamento ao Coronav\u00edrus (CEC), as aulas na rede municipal de ensino s\u00e3o realizadas em sistema h\u00edbrido, com parte dos alunos em atividades presenciais e parte em sistema remoto. Cada unidade escolar trabalha com o limite m\u00e1ximo de 35% de ocupa\u00e7\u00e3o, escalonamento dos grupos de alunos, higieniza\u00e7\u00e3o dos ambientes, disponibiliza\u00e7\u00e3o de \u00e1lcool em gel, uso de m\u00e1scara e equipamentos de prote\u00e7\u00e3o individual para os profissionais.<\/p>\n\n\n\n<p><em>(Texto\/Imagem: Prefeitura de Jundia\u00ed)<\/em><\/p>\n","protected":false},"excerpt":{"rendered":"<p>A publica\u00e7\u00e3o tem como foco manter a transpar\u00eancia em rela\u00e7\u00e3o aos servi\u00e7os de Educa\u00e7\u00e3o municipal em Jundia\u00ed<\/p>\n","protected":false},"author":28,"featured_media":78603,"comment_status":"closed","ping_status":"closed","sticky":false,"template":"","format":"standard","meta":{"footnotes":""},"categories":[8356,1],"tags":[],"class_list":["post-78602","post","type-post","status-publish","format-standard","has-post-thumbnail","hentry","category-jundiai","category-noticias"],"_links":{"self":[{"href":"https:\/\/tvtecjundiai.com.br\/news\/wp-json\/wp\/v2\/posts\/78602","targetHints":{"allow":["GET"]}}],"collection":[{"href":"https:\/\/tvtecjundiai.com.br\/news\/wp-json\/wp\/v2\/posts"}],"about":[{"href":"https:\/\/tvtecjundiai.com.br\/news\/wp-json\/wp\/v2\/types\/post"}],"author":[{"embeddable":true,"href":"https:\/\/tvtecjundiai.com.br\/news\/wp-json\/wp\/v2\/users\/28"}],"replies":[{"embeddable":true,"href":"https:\/\/tvtecjundiai.com.br\/news\/wp-json\/wp\/v2\/comments?post=78602"}],"version-history":[{"count":1,"href":"https:\/\/tvtecjundiai.com.br\/news\/wp-json\/wp\/v2\/posts\/78602\/revisions"}],"predecessor-version":[{"id":78604,"href":"https:\/\/tvtecjundiai.com.br\/news\/wp-json\/wp\/v2\/posts\/78602\/revisions\/78604"}],"wp:featuredmedia":[{"embeddable":true,"href":"https:\/\/tvtecjundiai.com.br\/news\/wp-json\/wp\/v2\/media\/78603"}],"wp:attachment":[{"href":"https:\/\/tvtecjundiai.com.br\/news\/wp-json\/wp\/v2\/media?parent=78602"}],"wp:term":[{"taxonomy":"category","embeddable":true,"href":"https:\/\/tvtecjundiai.com.br\/news\/wp-json\/wp\/v2\/categories?post=78602"},{"taxonomy":"post_tag","embeddable":true,"href":"https:\/\/tvtecjundiai.com.br\/news\/wp-json\/wp\/v2\/tags?post=78602"}],"curies":[{"name":"wp","href":"https:\/\/api.w.org\/{rel}","templated":true}]}}