{"id":78605,"date":"2021-07-03T10:32:46","date_gmt":"2021-07-03T13:32:46","guid":{"rendered":"https:\/\/tvtecjundiai.com.br\/news\/?p=78605"},"modified":"2021-07-03T10:32:54","modified_gmt":"2021-07-03T13:32:54","slug":"midia-e-grandes-eventos-foram-debatidos-no-i-ciclo-de-debates-do-peama-de-jundiai","status":"publish","type":"post","link":"https:\/\/tvtecjundiai.com.br\/news\/2021\/07\/03\/midia-e-grandes-eventos-foram-debatidos-no-i-ciclo-de-debates-do-peama-de-jundiai\/","title":{"rendered":"M\u00eddia e grandes eventos foram debatidos no I Ciclo de Debates do Peama de Jundia\u00ed"},"content":{"rendered":"\n<p>Em comemora\u00e7\u00e3o aos 25 anos de exist\u00eancia, o Programa de Esportes e Atividades Motoras Adaptadas (Peama) da Prefeitura de Jundia\u00ed promoveu nesta sexta-feira o I Ciclo de Debates do Peama, que discutiu a m\u00eddia e suas rela\u00e7\u00f5es com a pessoa de defici\u00eancia e os grandes eventos esportivos.&nbsp;<\/p>\n\n\n\n<p>O evento, tamb\u00e9m organizado pela Unidade de Gest\u00e3o de Esportes e Lazer, teve como objetivo fomentar a discuss\u00e3o entre os profissionais envolvidos sobre o esporte para a pessoa com defici\u00eancia em seus diversos objetivos e contextos de pr\u00e1tica.<\/p>\n\n\n\n<p>O ciclo de debate durou todo o dia. Na parte da manh\u00e3, a mesa redonda debateu \u201da m\u00eddia e suas rela\u00e7\u00f5es com a pessoa com defici\u00eancia\u201d, com a participa\u00e7\u00e3o de Rubens Pozzi (ESPN\/OEB), Fernanda Elnour (TVTEM), M\u00f4nica Gropelo (TVTEC) e Renan Cacioli (CBDV)&nbsp; com a media\u00e7\u00e3o da professora Maria Teresa Leit\u00e3o.<\/p>\n\n\n\n<p>&nbsp;A superintendente da TVTEC e volunt\u00e1ria do Peama, M\u00f4nica Gropelo, destacou o papel do Peama com a imprensa. \u201cO programa \u00e9 percussor da rela\u00e7\u00e3o da m\u00eddia com o esporte adaptado. Acredito que o Peama ensinou a m\u00eddia a ter este olhar sens\u00edvel para esta causa. Jundia\u00ed \u00e9 uma refer\u00eancia e est\u00e1 a frente porque tem o Peama como projeto p\u00fablico que democratiza o esporte para a pessoa com defici\u00eancia\u201d, explica.<\/p>\n\n\n\n<figure class=\"wp-block-image\"><img decoding=\"async\" src=\"https:\/\/jundiai.sp.gov.br\/noticias\/wp-content\/uploads\/sites\/32\/2021\/07\/debate_peama2.png\" alt=\"\" class=\"wp-image-271517\" \/><figcaption>Encontro virtual foi realizado na manh\u00e3 desta sexta-feira (2)<\/figcaption><\/figure>\n\n\n\n<p>Renan Cacioli, assessor de imprensa da Confedera\u00e7\u00e3o Brasileira de Desportos de Deficientes Visuais (CBDV)&nbsp;falou sobre os desafios da profiss\u00e3o, como levar o esporte praticado por cegos ao conhecimento de mais gente, tornar o universo mais acess\u00edvel a quem n\u00e3o enxerga ou tem baixa mais acess\u00edvel e n\u00e3o cair na armadilha da supera\u00e7\u00e3o. \u201cSupera\u00e7\u00e3o j\u00e1 faz parte da vida deles. Por mais que seja importante a hist\u00f3ria de vida deles, o atleta de alto rendimento quer ser visto como atleta\u201d, explica.<\/p>\n\n\n\n<p>Rubens Pozzi, que cobriu cinco Copas do Mundo e cinco Olimp\u00edadas e hoje \u00e9 respons\u00e1vel pelos conte\u00fados dos canais ESPN e Fox, elogiou o trabalho do Peama. \u201cUm projeto que depende de do Poder P\u00fablico e que tem 25 anos \u00e9 uma prova de seriedade. N\u00e3o tem bandeira pol\u00edtica, s\u00f3 mostra seriedade e trabalho s\u00e9rio, que cresce a cada ano.\u201d<\/p>\n\n\n\n<p>Fernanda Elnour (TVTEM) tamb\u00e9m falou sobre o programa. \u201cConheci o Peama e foi amor a primeira a vista. Foi ali que vi que precisava contra a hist\u00f3ria daquelas pessoas. A imprensa tem um papel importante de contar hist\u00f3rias e contar hist\u00f3rias do atleta, n\u00e3o s\u00f3 sobre supera\u00e7\u00e3o.<\/p>\n\n\n\n<p><strong>Grandes eventos<br><\/strong>No per\u00edodo da tarde, a mesa redonda debateu \u201dgrandes eventos esportivos\u201d, com a&nbsp;&nbsp; participa\u00e7\u00e3o de Davi Poit (ESEF), Carla da Mata (COB) e Marina Nishitani (4ComM\/OEB), com a media\u00e7\u00e3o do professor Petrus Esteves. Os tr\u00eas debatedores contaram sua experi\u00eancia em grandes eventos.<\/p>\n\n\n\n<p>O professor Rhonan Louro falou sobre a participa\u00e7\u00e3o do PEAMA em eventos, como Festival Especial Regional de Atletismo (FERA), Festival Regional de T\u00eanis (Frete) e o Festival Regional Especial de Nata\u00e7\u00e3o (Frena), entre outros e sobre a participa\u00e7\u00e3o de t\u00e9cnico e atletas do Peama em grandes eventos, como o t\u00e9cnico Alessandro Tosim nas Paralimp\u00edadas e Thomaz Ruan de Moraes, j\u00e1 classificado para a Paral\u00edmpiada de T\u00f3quio.<\/p>\n\n\n\n<figure class=\"wp-block-image\"><img decoding=\"async\" src=\"https:\/\/jundiai.sp.gov.br\/noticias\/wp-content\/uploads\/sites\/32\/2021\/07\/debate_peama.png\" alt=\"\" class=\"wp-image-271519\" \/><\/figure>\n\n\n\n<p>O ciclo de debates foi realizado por meio online e foi transmitido gratuitamente pelo YouTube e Facebook do Peama.&nbsp; O ciclo de debates contou com a tradu\u00e7\u00e3o simult\u00e2nea em l\u00edngua brasileira de sinais (Libras).<\/p>\n\n\n\n<p>O Peama atualmente tem 16 modalidades, mais de 300 alunos inscritos, 28 profissionais. Mais 1800 pessoas com defici\u00eancias passaram pelo Peama.<\/p>\n\n\n\n<p><\/p>\n\n\n\n<p>Em comemora\u00e7\u00e3o aos 25 anos de exist\u00eancia, o Programa de Esportes e Atividades Motoras Adaptadas (Peama) da Prefeitura de Jundia\u00ed promoveu nesta sexta-feira o I Ciclo de Debates do Peama, que discutiu a m\u00eddia e suas rela\u00e7\u00f5es com a pessoa de defici\u00eancia e os grandes eventos esportivos.&nbsp;<\/p>\n\n\n\n<p>O evento, tamb\u00e9m organizado pela Unidade de Gest\u00e3o de Esportes e Lazer, teve como objetivo fomentar a discuss\u00e3o entre os profissionais envolvidos sobre o esporte para a pessoa com defici\u00eancia em seus diversos objetivos e contextos de pr\u00e1tica.<\/p>\n\n\n\n<p>O ciclo de debate durou todo o dia. Na parte da manh\u00e3, a mesa redonda debateu \u201da m\u00eddia e suas rela\u00e7\u00f5es com a pessoa com defici\u00eancia\u201d, com a participa\u00e7\u00e3o de Rubens Pozzi (ESPN\/OEB), Fernanda Elnour (TVTEM), M\u00f4nica Gropelo (TVTEC) e Renan Cacioli (CBDV)&nbsp; com a media\u00e7\u00e3o da professora Maria Teresa Leit\u00e3o.<\/p>\n\n\n\n<p>&nbsp;A superintendente da TVTEC e volunt\u00e1ria do Peama, M\u00f4nica Gropelo, destacou o papel do Peama com a imprensa. \u201cO programa \u00e9 percussor da rela\u00e7\u00e3o da m\u00eddia com o esporte adaptado. Acredito que o Peama ensinou a m\u00eddia a ter este olhar sens\u00edvel para esta causa. Jundia\u00ed \u00e9 uma refer\u00eancia e est\u00e1 a frente porque tem o Peama como projeto p\u00fablico que democratiza o esporte para a pessoa com defici\u00eancia\u201d, explica.<\/p>\n\n\n\n<figure class=\"wp-block-image\"><img decoding=\"async\" src=\"https:\/\/jundiai.sp.gov.br\/noticias\/wp-content\/uploads\/sites\/32\/2021\/07\/debate_peama2.png\" alt=\"\" class=\"wp-image-271517\" \/><figcaption>Encontro virtual foi realizado na manh\u00e3 desta sexta-feira (2)<\/figcaption><\/figure>\n\n\n\n<p>Renan Cacioli, assessor de imprensa da Confedera\u00e7\u00e3o Brasileira de Desportos de Deficientes Visuais (CBDV)&nbsp;falou sobre os desafios da profiss\u00e3o, como levar o esporte praticado por cegos ao conhecimento de mais gente, tornar o universo mais acess\u00edvel a quem n\u00e3o enxerga ou tem baixa mais acess\u00edvel e n\u00e3o cair na armadilha da supera\u00e7\u00e3o. \u201cSupera\u00e7\u00e3o j\u00e1 faz parte da vida deles. Por mais que seja importante a hist\u00f3ria de vida deles, o atleta de alto rendimento quer ser visto como atleta\u201d, explica.<\/p>\n\n\n\n<p>Rubens Pozzi, que cobriu cinco Copas do Mundo e cinco Olimp\u00edadas e hoje \u00e9 respons\u00e1vel pelos conte\u00fados dos canais ESPN e Fox, elogiou o trabalho do Peama. \u201cUm projeto que depende de do Poder P\u00fablico e que tem 25 anos \u00e9 uma prova de seriedade. N\u00e3o tem bandeira pol\u00edtica, s\u00f3 mostra seriedade e trabalho s\u00e9rio, que cresce a cada ano.\u201d<\/p>\n\n\n\n<p>Fernanda Elnour (TVTEM) tamb\u00e9m falou sobre o programa. \u201cConheci o Peama e foi amor a primeira a vista. Foi ali que vi que precisava contra a hist\u00f3ria daquelas pessoas. A imprensa tem um papel importante de contar hist\u00f3rias e contar hist\u00f3rias do atleta, n\u00e3o s\u00f3 sobre supera\u00e7\u00e3o.<\/p>\n\n\n\n<p><strong>Grandes eventos<br><\/strong>No per\u00edodo da tarde, a mesa redonda debateu \u201dgrandes eventos esportivos\u201d, com a&nbsp;&nbsp; participa\u00e7\u00e3o de Davi Poit (ESEF), Carla da Mata (COB) e Marina Nishitani (4ComM\/OEB), com a media\u00e7\u00e3o do professor Petrus Esteves. Os tr\u00eas debatedores contaram sua experi\u00eancia em grandes eventos.<\/p>\n\n\n\n<p>O professor Rhonan Louro falou sobre a participa\u00e7\u00e3o do PEAMA em eventos, como Festival Especial Regional de Atletismo (FERA), Festival Regional de T\u00eanis (Frete) e o Festival Regional Especial de Nata\u00e7\u00e3o (Frena), entre outros e sobre a participa\u00e7\u00e3o de t\u00e9cnico e atletas do Peama em grandes eventos, como o t\u00e9cnico Alessandro Tosim nas Paralimp\u00edadas e Thomaz Ruan de Moraes, j\u00e1 classificado para a Paral\u00edmpiada de T\u00f3quio.<\/p>\n\n\n\n<figure class=\"wp-block-image\"><img decoding=\"async\" src=\"https:\/\/jundiai.sp.gov.br\/noticias\/wp-content\/uploads\/sites\/32\/2021\/07\/debate_peama.png\" alt=\"\" class=\"wp-image-271519\" \/><\/figure>\n\n\n\n<p>O ciclo de debates foi realizado por meio online e foi transmitido gratuitamente pelo YouTube e Facebook do Peama.&nbsp; O ciclo de debates contou com a tradu\u00e7\u00e3o simult\u00e2nea em l\u00edngua brasileira de sinais (Libras).<\/p>\n\n\n\n<p>O Peama atualmente tem 16 modalidades, mais de 300 alunos inscritos, 28 profissionais. Mais 1800 pessoas com defici\u00eancias passaram pelo Peama.<\/p>\n\n\n\n<p><em>(Texto\/Imagem: Prefeitura de Jundia\u00ed)<\/em><\/p>\n","protected":false},"excerpt":{"rendered":"<p>O evento teve como objetivo fomentar a discuss\u00e3o entre os profissionais envolvidos <\/p>\n","protected":false},"author":24,"featured_media":78606,"comment_status":"closed","ping_status":"closed","sticky":false,"template":"","format":"standard","meta":{"footnotes":""},"categories":[8356],"tags":[],"class_list":["post-78605","post","type-post","status-publish","format-standard","has-post-thumbnail","hentry","category-jundiai"],"_links":{"self":[{"href":"https:\/\/tvtecjundiai.com.br\/news\/wp-json\/wp\/v2\/posts\/78605","targetHints":{"allow":["GET"]}}],"collection":[{"href":"https:\/\/tvtecjundiai.com.br\/news\/wp-json\/wp\/v2\/posts"}],"about":[{"href":"https:\/\/tvtecjundiai.com.br\/news\/wp-json\/wp\/v2\/types\/post"}],"author":[{"embeddable":true,"href":"https:\/\/tvtecjundiai.com.br\/news\/wp-json\/wp\/v2\/users\/24"}],"replies":[{"embeddable":true,"href":"https:\/\/tvtecjundiai.com.br\/news\/wp-json\/wp\/v2\/comments?post=78605"}],"version-history":[{"count":1,"href":"https:\/\/tvtecjundiai.com.br\/news\/wp-json\/wp\/v2\/posts\/78605\/revisions"}],"predecessor-version":[{"id":78607,"href":"https:\/\/tvtecjundiai.com.br\/news\/wp-json\/wp\/v2\/posts\/78605\/revisions\/78607"}],"wp:featuredmedia":[{"embeddable":true,"href":"https:\/\/tvtecjundiai.com.br\/news\/wp-json\/wp\/v2\/media\/78606"}],"wp:attachment":[{"href":"https:\/\/tvtecjundiai.com.br\/news\/wp-json\/wp\/v2\/media?parent=78605"}],"wp:term":[{"taxonomy":"category","embeddable":true,"href":"https:\/\/tvtecjundiai.com.br\/news\/wp-json\/wp\/v2\/categories?post=78605"},{"taxonomy":"post_tag","embeddable":true,"href":"https:\/\/tvtecjundiai.com.br\/news\/wp-json\/wp\/v2\/tags?post=78605"}],"curies":[{"name":"wp","href":"https:\/\/api.w.org\/{rel}","templated":true}]}}