{"id":78614,"date":"2021-07-03T15:21:40","date_gmt":"2021-07-03T18:21:40","guid":{"rendered":"https:\/\/tvtecjundiai.com.br\/news\/?p=78614"},"modified":"2021-07-03T15:21:44","modified_gmt":"2021-07-03T18:21:44","slug":"biblioteca-municipal-tem-programacao-variada-virtual-e-especial-em-julho","status":"publish","type":"post","link":"https:\/\/tvtecjundiai.com.br\/news\/2021\/07\/03\/biblioteca-municipal-tem-programacao-variada-virtual-e-especial-em-julho\/","title":{"rendered":"Biblioteca Municipal tem programa\u00e7\u00e3o variada, virtual e especial em julho"},"content":{"rendered":"\n<p>Julho \u00e9 tradicionalmente o m\u00eas de f\u00e9rias escolares, por isso a Biblioteca Municipal Professor Nelson Foot manteve uma programa\u00e7\u00e3o especial para este julho. S\u00e3o diversas op\u00e7\u00f5es para serem vivenciadas on-line, sem precisar sair de casa.&nbsp;<\/p>\n\n\n\n<p>O&nbsp;<strong>Leiturinha em Casa<\/strong>&nbsp;traz hist\u00f3rias diversas:<\/p>\n\n\n\n<p>08 de julho \u2013 \u201cCom que roupa irei para a festa do rei?\u201d de Tino Freitas e Ionit Zilberman, que ser\u00e1 interpretada por Roseli Pizarro, da Cia. Contando com Encanto. Durante a leitura, haver\u00e1 uma charada para ser respondida. A primeira pessoa que enviar para o e-mail&nbsp;<a href=\"mailto:mscruz@jundiai.sp.gov.br\">mscruz@jundiai.sp.gov.br<\/a>&nbsp;com a resposta correta, at\u00e9 10 de julho, ganhar\u00e1 um presente.&nbsp;<\/p>\n\n\n\n<p>10 de julho \u2013 \u201cAssim Assado\u201d, da autora Eva Furnari, que ser\u00e1 contada pelo Nelsinho, o mascote da Biblioteca.&nbsp;<\/p>\n\n\n\n<p>15 de julho \u2013 \u201cO colecionador de segredos\u201d, da autora Maria Cristina Silva, que ser\u00e1 contada pela pedagoga e contadora de hist\u00f3rias Milva Morelli.<\/p>\n\n\n\n<p>22 de julho \u2013 \u201cPedro e Tina, uma amizade muito especial\u201d, de Stephen Michael King, pela contadora de hist\u00f3rias Roseli Pizarro, da Cia. Contando com Encanto.&nbsp;<\/p>\n\n\n\n<p>29 de julho \u2013 \u201cUma bela paisagem: um jogo de cores, texto e ilustra\u00e7\u00f5es\u201d, de C\u00edntia Fontolan, que narrar\u00e1 a pr\u00f3pria hist\u00f3ria.<\/p>\n\n\n\n<p>A<strong>&nbsp;S\u00e9rie Dicas do L\u00ea no Ninho<\/strong>&nbsp;tamb\u00e9m traz uma programa\u00e7\u00e3o especial de f\u00e9rias com oficinas. Quem acompanhou as dicas anteriores, conheceu algumas t\u00e9cnicas de dobraduras como o sapo Bocarr\u00e3o, o barquinho de papel e utens\u00edlios recicl\u00e1veis como o chocalho. Mas para quem quer aprender, pode aproveitar os v\u00eddeos com a servidora Maria Helena Neto Afonso Pereira que ensinar\u00e3o o passo a passo para a confec\u00e7\u00e3o de novos elementos:<\/p>\n\n\n\n<p>13 de julho \u2013 V\u00eddeo #5 Parte 1 \u2013 Oficinas de massinha, dobradura e recicl\u00e1veis.&nbsp;<\/p>\n\n\n\n<p>27 de julho \u2013 V\u00eddeo #5 Parte 2 \u2013 Oficinas de massinha, dobradura e recicl\u00e1veis.<\/p>\n\n\n\n<p><strong>Contos dos Cantos do Brasil<\/strong>&nbsp;traz no m\u00eas de f\u00e9rias contos que expressam as m\u00faltiplas culturas que comp\u00f5em a paisagem brasileira. Interpretados por contadores de hist\u00f3rias, os textos conduzem os leitores\/ouvintes a uma navega\u00e7\u00e3o pelas etnias, hist\u00f3ria e geografia cultural do pa\u00eds.&nbsp;<\/p>\n\n\n\n<p>02 de julho- \u201cO Mar no Sert\u00e3o\u201d, interpretado por Nelma Ara\u00fajo.<\/p>\n\n\n\n<p>09 de julho \u2013 \u201cA \u00e1rvore de Tomorumu\u201d, de por Ana Luisa Lacombe, contado por Roseli Pizarro, da Cia. Contando com Encanto.&nbsp;<\/p>\n\n\n\n<p>16 de julho \u2013 \u201cPedro Malasartes e a sopa de pedra\u201d, de Lu\u00eds da C\u00e2mera Cascudo, adapta\u00e7\u00e3o e narra\u00e7\u00e3o de Sueli Patelli.&nbsp;<\/p>\n\n\n\n<p>23 de julho \u2013 \u201cA quase morte do Z\u00e9 Malandro\u201d, de Ricardo Azevedo, contado por Michela Bueno.&nbsp;<\/p>\n\n\n\n<p>O reconhecido podcast&nbsp;<strong>Falando de Livros<\/strong>&nbsp;tamb\u00e9m traz novidades neste m\u00eas, com dois epis\u00f3dios especiais tem\u00e1ticos:<\/p>\n\n\n\n<p>03 de julho \u2013 Especial Lendas Urbanas com a narra\u00e7\u00e3o da lenda \u201cCole\u00e7\u00e3o de Bonecas\u201d.<\/p>\n\n\n\n<p>17 de julho \u2013 Especial Conto de Fadas Modernos com a narra\u00e7\u00e3o do conto \u201cA verdadeira hist\u00f3ria dos 3 porquinhos\u201d, do autor Jon Scieszka, Cia. das Letrinhas.<\/p>\n\n\n\n<p>Em julho, o&nbsp;<strong>Clube da Leitura<\/strong>&nbsp;ser\u00e1 no dia 29 com o livro \u201cAlice no Pa\u00eds das Maravilhas\u201d, de Lewis Carrol. O encontro ser\u00e1 \u00e0s 16 horas. Para a atividade \u00e9 preciso fazer a inscri\u00e7\u00e3o pr\u00e9via no&nbsp;<a href=\"https:\/\/docs.google.com\/forms\/d\/1ImzXHLtaD9_ZPuPsJLaz_xDVOQ3Jt3hkua45SUMjLeQ\/viewform?edit_requested=true\">site da Biblioteca<\/a>, uma vez inscrita, a pessoa recebe o livro na vers\u00e3o digital.<\/p>\n\n\n\n<p>Na&nbsp;<strong>Leitura em Foco<\/strong>, o autor em destaque \u00e9 Bernardo Guimar\u00e3es. O&nbsp;<a href=\"https:\/\/biblioteca.jundiai.sp.gov.br\/programacao\/\">site&nbsp;<\/a>da Biblioteca traz a biografia do autor e a indica\u00e7\u00e3o de tr\u00eas obras: \u201cA escrava Isaura\u201d, \u201cO ermit\u00e3o de Muqu\u00e9m\u201d e \u201cO Seminarista\u201d.<\/p>\n\n\n\n<p>Neste m\u00eas,&nbsp;<strong>Indica\u00e7\u00f5es Liter\u00e1rias&nbsp;<\/strong>remete o leitor ao mundo da fic\u00e7\u00e3o cient\u00edfica. Por se tratar de um g\u00eanero liter\u00e1rio que ativa a percep\u00e7\u00e3o de como \u00e9 poss\u00edvel inspirar o futuro e vislumbrar cen\u00e1rios fict\u00edcios, sem deixar de lado os dilemas atuais. As inova\u00e7\u00f5es sociais, culturais e tecnol\u00f3gicas propostas pelo g\u00eanero s\u00e3o vetores de transforma\u00e7\u00e3o do pensamento. As dicas podem ser conferidas no&nbsp;<a href=\"https:\/\/biblioteca.jundiai.sp.gov.br\/programacao\/\">site da Biblioteca<\/a>.&nbsp;<\/p>\n\n\n\n<p>Com o objetivo de desenvolver a escrita entre os leitores, principalmente os mais jovens, a&nbsp;<strong>Biblioteca traz o Laborat\u00f3rio de Escrita Criativa \u2013 Produ\u00e7\u00e3o de Funfics<\/strong>,&nbsp; uma oportunidade para explorar as v\u00e1rias formas de produ\u00e7\u00e3o textual. Assim, no m\u00eas de julho haver\u00e1 duas oficinas com foco na produ\u00e7\u00e3o de Funfics.&nbsp;<\/p>\n\n\n\n<p>Ser\u00e3o dois encontros com apenas 10 vagas, nos quais as atividades ser\u00e3o conduzidas pela escritora Fabi Zambelli e trar\u00e3o propostas promovendo a escrita com base em 3 hist\u00f3rias conhecidas da fic\u00e7\u00e3o fant\u00e1stica e 3 baseadas em s\u00e9ries de televis\u00e3o.\u00a0 Ser\u00e3o dois encontros, com apenas 10 vagas. As inscri\u00e7\u00f5es devem ser feitas pelos links:<a href=\"https:\/\/docs.google.com\/forms\/d\/e\/1FAIpQLSeE6_olde6gbImKRLPEAOLVb8W66Ejn6F871D1Ca_MDaU1-xA\/viewform\">\u00a0Literatura Fant\u00e1stica<\/a>\u00a0e S\u00e9ries da\u00a0<a href=\"https:\/\/docs.google.com\/forms\/d\/e\/1FAIpQLSeE6_olde6gbImKRLPEAOLVb8W66Ejn6F871D1Ca_MDaU1-xA\/viewform\">Netflix<\/a>.<\/p>\n\n\n\n<figure class=\"wp-block-gallery columns-1 is-cropped wp-block-gallery-1 is-layout-flex wp-block-gallery-is-layout-flex\"><ul class=\"blocks-gallery-grid\"><li class=\"blocks-gallery-item\"><figure><img loading=\"lazy\" decoding=\"async\" width=\"1200\" height=\"900\" src=\"https:\/\/tvtecjundiai.com.br\/news\/wp-content\/uploads\/sites\/2\/2021\/07\/nelsinho_biblioteca-1200x900.jpeg\" alt=\"\" data-id=\"78615\" data-full-url=\"https:\/\/tvtecjundiai.com.br\/news\/wp-content\/uploads\/sites\/2\/2021\/07\/nelsinho_biblioteca.jpeg\" data-link=\"https:\/\/tvtecjundiai.com.br\/news\/?attachment_id=78615\" class=\"wp-image-78615\" srcset=\"https:\/\/tvtecjundiai.com.br\/news\/wp-content\/uploads\/sites\/2\/2021\/07\/nelsinho_biblioteca-1200x900.jpeg 1200w, https:\/\/tvtecjundiai.com.br\/news\/wp-content\/uploads\/sites\/2\/2021\/07\/nelsinho_biblioteca-300x225.jpeg 300w, https:\/\/tvtecjundiai.com.br\/news\/wp-content\/uploads\/sites\/2\/2021\/07\/nelsinho_biblioteca-768x576.jpeg 768w, https:\/\/tvtecjundiai.com.br\/news\/wp-content\/uploads\/sites\/2\/2021\/07\/nelsinho_biblioteca.jpeg 1280w\" sizes=\"auto, (max-width: 1200px) 100vw, 1200px\" \/><\/figure><\/li><\/ul><figcaption class=\"blocks-gallery-caption\">Nelsinho far\u00e1 a leitura do livro \u201cAssim Assado\u201d, no dia 10 de julho<\/figcaption><\/figure>\n\n\n\n<p><\/p>\n","protected":false},"excerpt":{"rendered":"<p>A Biblioteca Municipal Professor Nelson Foot manteve uma programa\u00e7\u00e3o especial para este julho<\/p>\n","protected":false},"author":9,"featured_media":78615,"comment_status":"closed","ping_status":"closed","sticky":false,"template":"","format":"standard","meta":{"footnotes":""},"categories":[2833,2828,1],"tags":[],"class_list":["post-78614","post","type-post","status-publish","format-standard","has-post-thumbnail","hentry","category-cultura","category-educacao","category-noticias"],"_links":{"self":[{"href":"https:\/\/tvtecjundiai.com.br\/news\/wp-json\/wp\/v2\/posts\/78614","targetHints":{"allow":["GET"]}}],"collection":[{"href":"https:\/\/tvtecjundiai.com.br\/news\/wp-json\/wp\/v2\/posts"}],"about":[{"href":"https:\/\/tvtecjundiai.com.br\/news\/wp-json\/wp\/v2\/types\/post"}],"author":[{"embeddable":true,"href":"https:\/\/tvtecjundiai.com.br\/news\/wp-json\/wp\/v2\/users\/9"}],"replies":[{"embeddable":true,"href":"https:\/\/tvtecjundiai.com.br\/news\/wp-json\/wp\/v2\/comments?post=78614"}],"version-history":[{"count":1,"href":"https:\/\/tvtecjundiai.com.br\/news\/wp-json\/wp\/v2\/posts\/78614\/revisions"}],"predecessor-version":[{"id":78616,"href":"https:\/\/tvtecjundiai.com.br\/news\/wp-json\/wp\/v2\/posts\/78614\/revisions\/78616"}],"wp:featuredmedia":[{"embeddable":true,"href":"https:\/\/tvtecjundiai.com.br\/news\/wp-json\/wp\/v2\/media\/78615"}],"wp:attachment":[{"href":"https:\/\/tvtecjundiai.com.br\/news\/wp-json\/wp\/v2\/media?parent=78614"}],"wp:term":[{"taxonomy":"category","embeddable":true,"href":"https:\/\/tvtecjundiai.com.br\/news\/wp-json\/wp\/v2\/categories?post=78614"},{"taxonomy":"post_tag","embeddable":true,"href":"https:\/\/tvtecjundiai.com.br\/news\/wp-json\/wp\/v2\/tags?post=78614"}],"curies":[{"name":"wp","href":"https:\/\/api.w.org\/{rel}","templated":true}]}}