{"id":78621,"date":"2021-07-03T15:30:06","date_gmt":"2021-07-03T18:30:06","guid":{"rendered":"https:\/\/tvtecjundiai.com.br\/news\/?p=78621"},"modified":"2021-07-03T15:30:09","modified_gmt":"2021-07-03T18:30:09","slug":"comite-das-criancas-inicia-conversa-sobre-plano-municipal-de-cultura","status":"publish","type":"post","link":"https:\/\/tvtecjundiai.com.br\/news\/2021\/07\/03\/comite-das-criancas-inicia-conversa-sobre-plano-municipal-de-cultura\/","title":{"rendered":"Comit\u00ea das Crian\u00e7as inicia conversa sobre Plano Municipal de Cultura"},"content":{"rendered":"\n<p>Os integrantes do Comit\u00ea das Crian\u00e7as se reuniram neste s\u00e1bado (3), virtualmente, com a proposta de iniciar o desenvolvimento de propostas para a inclus\u00e3o no Plano Municipal de Cultura (PMC). Em quinze dias, novo encontro extraordin\u00e1rio ser\u00e1 realizado para o avan\u00e7o das conversas. O PMC est\u00e1 em fase de levantamento de informa\u00e7\u00f5es e tem prazo para conclus\u00e3o at\u00e9 dezembro.<\/p>\n\n\n\n<p>Ap\u00f3s conversarem com o Prefeito Luiz Fernando Machado, com o gestor de Governo e Finan\u00e7as, Jos\u00e9 Antonio Parimoschi e equipe t\u00e9cnica da Prefeitura de Jundia\u00ed para sugerir a\u00e7\u00f5es para o Plano Plurianual (PPA) 2022-2025, as crian\u00e7as se sintonizaram sobre o tema Cultura, seus aspectos e impactos para a cidade. As crian\u00e7as exemplificaram a cultura de Jundia\u00ed com cita\u00e7\u00f5es sobre o patrim\u00f4nio imaterial da cidade, a \u2018coxinha de queijo\u2019, a Festa da Uva, a Festa Italiana, as comemora\u00e7\u00f5es dos bairros, al\u00e9m dos costumes e tradi\u00e7\u00f5es agregados com a vinda dos imigrantes para a cidade, no s\u00e9culo passado.<\/p>\n\n\n\n<p>B\u00e1rbara Benutto Soares falou que conhece o \u2018Refogado do Sandi\u2019, quando foi ainda pequenina. \u201cMinha m\u00e3e me levou para conhecer\u201d, contou.<\/p>\n\n\n\n<p>J\u00e1 Samuel Schubernig Antunes Gomes apontou as tradi\u00e7\u00f5es de povos e a mistura de culturas existentes na cidade. \u201cTemos muitas tradi\u00e7\u00f5es que devem ser preservadas, assim como as culturas afro-brasileiras\u201d, argumentou.<\/p>\n\n\n\n<figure class=\"wp-block-image size-large\"><img loading=\"lazy\" decoding=\"async\" width=\"1200\" height=\"801\" src=\"https:\/\/tvtecjundiai.com.br\/news\/wp-content\/uploads\/sites\/2\/2021\/07\/reuniao_comite_criancas-1200x801.jpg\" alt=\"\" class=\"wp-image-78622\" srcset=\"https:\/\/tvtecjundiai.com.br\/news\/wp-content\/uploads\/sites\/2\/2021\/07\/reuniao_comite_criancas-1200x801.jpg 1200w, https:\/\/tvtecjundiai.com.br\/news\/wp-content\/uploads\/sites\/2\/2021\/07\/reuniao_comite_criancas-300x200.jpg 300w, https:\/\/tvtecjundiai.com.br\/news\/wp-content\/uploads\/sites\/2\/2021\/07\/reuniao_comite_criancas-768x512.jpg 768w, https:\/\/tvtecjundiai.com.br\/news\/wp-content\/uploads\/sites\/2\/2021\/07\/reuniao_comite_criancas.jpg 1280w\" sizes=\"auto, (max-width: 1200px) 100vw, 1200px\" \/><figcaption>Crian\u00e7as participaram de reuni\u00e3o ordin\u00e1ria do Comit\u00ea das Crian\u00e7as<\/figcaption><\/figure>\n\n\n\n<p>De acordo com o gestor da Unidade de Gest\u00e3o de Cultura (UGC), Marcelo Peroni, as crian\u00e7as s\u00e3o convidadas a desenvolver propostas culturais que n\u00e3o apenas sejam interessantes para as crian\u00e7as como para toda sociedade. \u201cA vis\u00e3o das crian\u00e7as do Comit\u00ea \u00e9 ampla e observam com olhar atento a cidade e o que querem para promover no munic\u00edpio. Nos pr\u00f3ximos dias eles pensar\u00e3o sobre os temas de como incentivar e promover mais atividades culturais n\u00e3o somente nos espa\u00e7os j\u00e1 consagrados, mas em toda Jundia\u00ed\u201d, detalhou.<\/p>\n\n\n\n<p>Integrante da rede desde 2018, Jundia\u00ed tem articulado diversas iniciativas intersetoriais das Unidades de Gest\u00e3o da Prefeitura sob a tutela de um&nbsp;<a href=\"https:\/\/cidadedascriancas.jundiai.sp.gov.br\/\">programa municipal de mesmo nome, Cidade das Crian\u00e7as<\/a>.<\/p>\n\n\n\n<p><strong>O Comit\u00ea<\/strong><br>O Comit\u00ea das Crian\u00e7as chega \u00e0 sua terceira composi\u00e7\u00e3o, como \u00f3rg\u00e3o de escuta das crian\u00e7as para o planejamento da constru\u00e7\u00e3o da cidade. Institu\u00eddo em 2019, ap\u00f3s a ades\u00e3o de Jundia\u00ed \u00e0 Rede Latino-Americana \u2013 Cidade das Crian\u00e7as no ano anterior. Entre as propostas j\u00e1 feitas por seus integrantes e j\u00e1 atendidas pela Prefeitura est\u00e3o a instala\u00e7\u00e3o de brinquedos para crian\u00e7as com defici\u00eancia nos parques, refor\u00e7o na arboriza\u00e7\u00e3o de ruas e espa\u00e7os p\u00fablicos, modifica\u00e7\u00f5es no mobili\u00e1rio de pra\u00e7as, melhorias no trajeto e entorno das escolas, al\u00e9m da constru\u00e7\u00e3o do Mundo das Crian\u00e7as.<\/p>\n\n\n\n<p><\/p>\n\n\n\n<p>Fonte\/Imagem: Prefeitura de Jundia\u00ed<\/p>\n","protected":false},"excerpt":{"rendered":"<p>Em quinze dias, novo encontro extraordin\u00e1rio ser\u00e1 realizado para o avan\u00e7o das conversas<\/p>\n","protected":false},"author":9,"featured_media":78622,"comment_status":"closed","ping_status":"closed","sticky":false,"template":"","format":"standard","meta":{"footnotes":""},"categories":[2833,1],"tags":[],"class_list":["post-78621","post","type-post","status-publish","format-standard","has-post-thumbnail","hentry","category-cultura","category-noticias"],"_links":{"self":[{"href":"https:\/\/tvtecjundiai.com.br\/news\/wp-json\/wp\/v2\/posts\/78621","targetHints":{"allow":["GET"]}}],"collection":[{"href":"https:\/\/tvtecjundiai.com.br\/news\/wp-json\/wp\/v2\/posts"}],"about":[{"href":"https:\/\/tvtecjundiai.com.br\/news\/wp-json\/wp\/v2\/types\/post"}],"author":[{"embeddable":true,"href":"https:\/\/tvtecjundiai.com.br\/news\/wp-json\/wp\/v2\/users\/9"}],"replies":[{"embeddable":true,"href":"https:\/\/tvtecjundiai.com.br\/news\/wp-json\/wp\/v2\/comments?post=78621"}],"version-history":[{"count":1,"href":"https:\/\/tvtecjundiai.com.br\/news\/wp-json\/wp\/v2\/posts\/78621\/revisions"}],"predecessor-version":[{"id":78623,"href":"https:\/\/tvtecjundiai.com.br\/news\/wp-json\/wp\/v2\/posts\/78621\/revisions\/78623"}],"wp:featuredmedia":[{"embeddable":true,"href":"https:\/\/tvtecjundiai.com.br\/news\/wp-json\/wp\/v2\/media\/78622"}],"wp:attachment":[{"href":"https:\/\/tvtecjundiai.com.br\/news\/wp-json\/wp\/v2\/media?parent=78621"}],"wp:term":[{"taxonomy":"category","embeddable":true,"href":"https:\/\/tvtecjundiai.com.br\/news\/wp-json\/wp\/v2\/categories?post=78621"},{"taxonomy":"post_tag","embeddable":true,"href":"https:\/\/tvtecjundiai.com.br\/news\/wp-json\/wp\/v2\/tags?post=78621"}],"curies":[{"name":"wp","href":"https:\/\/api.w.org\/{rel}","templated":true}]}}