{"id":78627,"date":"2021-07-03T16:56:09","date_gmt":"2021-07-03T19:56:09","guid":{"rendered":"https:\/\/tvtecjundiai.com.br\/news\/?p=78627"},"modified":"2021-07-03T16:56:13","modified_gmt":"2021-07-03T19:56:13","slug":"jundiai-registra-205-novos-casos-de-covid-19-neste-sabado-03","status":"publish","type":"post","link":"https:\/\/tvtecjundiai.com.br\/news\/2021\/07\/03\/jundiai-registra-205-novos-casos-de-covid-19-neste-sabado-03\/","title":{"rendered":"JUNDIA\u00cd REGISTRA 205 NOVOS CASOS DE COVID-19 NESTE S\u00c1BADO (03)"},"content":{"rendered":"\n<p>A Prefeitura de Jundia\u00ed informa que, neste s\u00e1bado (03), cinco \u00f3bitos foram contabilizados de residentes na cidade causados pelo Novo Coronav\u00edrus.<\/p>\n\n\n\n<p>Mulher, 87 anos, portadora de doen\u00e7a cardiovascular e neurol\u00f3gica cr\u00f4nicas. Foi internada no Hospital S\u00e3o Vicente de Paulo (HSV) no dia 26\/06 e \u00f3bito registrado no dia 01\/07.<\/p>\n\n\n\n<p>Homem, 61 anos, portador de doen\u00e7a cardiovascular e nefropatia cr\u00f4nicas. Foi internado no Hospital S\u00e3o Vicente de Paulo (HSV) no dia 16\/05 \u00f3bito registrado no dia 02\/07.<\/p>\n\n\n\n<p>Mulher, 44 anos, obesa. Foi internada em hospital particular no dia 22\/06 e \u00f3bito registrado neste s\u00e1bado (03).<\/p>\n\n\n\n<p>Mulher, 71 anos, portadora de doen\u00e7a cardiovascular cr\u00f4nica e diabetes. Foi internada na UPA no dia 24\/06 e \u00f3bito registrado no dia 27\/06, suspeito. Confirma\u00e7\u00e3o de COVID-19 foi recebida neste s\u00e1bado (3).<\/p>\n\n\n\n<p>Mulher, 73 anos, portadora de doen\u00e7a cardiovascular e pneumopatia cr\u00f4nicas. Foi internada e faleceu no Hospital S\u00e3o Vicente de Paulo (HSV) no dia 27\/06. Confirma\u00e7\u00e3o para COVID-19 foi recebida neste s\u00e1bado (3).<\/p>\n\n\n\n<p>At\u00e9 o momento, a cidade registra 1411 \u00f3bitos causados pela COVID-19 desde o in\u00edcio da pandemia.<\/p>\n\n\n\n<p><strong>Assessoria de Imprensa<\/strong><\/p>\n\n\n\n<figure class=\"wp-block-image\"><img decoding=\"async\" src=\"https:\/\/jundiai.sp.gov.br\/noticias\/wp-content\/uploads\/sites\/32\/2021\/07\/slide1-960x960.jpg\" alt=\"\" class=\"wp-image-271585\" \/><\/figure>\n\n\n\n<figure class=\"wp-block-image\"><img decoding=\"async\" src=\"https:\/\/jundiai.sp.gov.br\/noticias\/wp-content\/uploads\/sites\/32\/2021\/07\/slide2-960x960.jpg\" alt=\"\" class=\"wp-image-271586\" \/><\/figure>\n\n\n\n<p><em>(Texto\/Imagem: Prefeitura de Jundia\u00ed)<\/em><\/p>\n","protected":false},"excerpt":{"rendered":"<p>At\u00e9 o momento, a cidade registra 1411 \u00f3bitos causados pela COVID-19 desde o in\u00edcio da pandemia.<\/p>\n","protected":false},"author":24,"featured_media":74767,"comment_status":"closed","ping_status":"closed","sticky":false,"template":"","format":"standard","meta":{"footnotes":""},"categories":[8356],"tags":[],"class_list":["post-78627","post","type-post","status-publish","format-standard","has-post-thumbnail","hentry","category-jundiai"],"_links":{"self":[{"href":"https:\/\/tvtecjundiai.com.br\/news\/wp-json\/wp\/v2\/posts\/78627","targetHints":{"allow":["GET"]}}],"collection":[{"href":"https:\/\/tvtecjundiai.com.br\/news\/wp-json\/wp\/v2\/posts"}],"about":[{"href":"https:\/\/tvtecjundiai.com.br\/news\/wp-json\/wp\/v2\/types\/post"}],"author":[{"embeddable":true,"href":"https:\/\/tvtecjundiai.com.br\/news\/wp-json\/wp\/v2\/users\/24"}],"replies":[{"embeddable":true,"href":"https:\/\/tvtecjundiai.com.br\/news\/wp-json\/wp\/v2\/comments?post=78627"}],"version-history":[{"count":1,"href":"https:\/\/tvtecjundiai.com.br\/news\/wp-json\/wp\/v2\/posts\/78627\/revisions"}],"predecessor-version":[{"id":78628,"href":"https:\/\/tvtecjundiai.com.br\/news\/wp-json\/wp\/v2\/posts\/78627\/revisions\/78628"}],"wp:featuredmedia":[{"embeddable":true,"href":"https:\/\/tvtecjundiai.com.br\/news\/wp-json\/wp\/v2\/media\/74767"}],"wp:attachment":[{"href":"https:\/\/tvtecjundiai.com.br\/news\/wp-json\/wp\/v2\/media?parent=78627"}],"wp:term":[{"taxonomy":"category","embeddable":true,"href":"https:\/\/tvtecjundiai.com.br\/news\/wp-json\/wp\/v2\/categories?post=78627"},{"taxonomy":"post_tag","embeddable":true,"href":"https:\/\/tvtecjundiai.com.br\/news\/wp-json\/wp\/v2\/tags?post=78627"}],"curies":[{"name":"wp","href":"https:\/\/api.w.org\/{rel}","templated":true}]}}