{"id":78671,"date":"2021-07-05T14:07:15","date_gmt":"2021-07-05T17:07:15","guid":{"rendered":"https:\/\/tvtecjundiai.com.br\/news\/?p=78671"},"modified":"2021-07-05T14:07:16","modified_gmt":"2021-07-05T17:07:16","slug":"comercios-poderao-funcionar-ate-as-18h-no-sabado-10-em-jundiai","status":"publish","type":"post","link":"https:\/\/tvtecjundiai.com.br\/news\/2021\/07\/05\/comercios-poderao-funcionar-ate-as-18h-no-sabado-10-em-jundiai\/","title":{"rendered":"Com\u00e9rcios poder\u00e3o funcionar at\u00e9 \u00e0s 18h no s\u00e1bado (10) em Jundia\u00ed"},"content":{"rendered":"\n<p>O com\u00e9rcio varejista do centro e dos bairros de Jundia\u00ed poder\u00e1 funcionar at\u00e9 as 18h neste dia 10 de julho, o primeiro s\u00e1bado do m\u00eas ap\u00f3s o quinto dia \u00fatil. De acordo com Edison Maltoni, presidente do Sindicato do Com\u00e9rcio Varejista de Jundia\u00ed e Regi\u00e3o (Sincomercio) e da C\u00e2mara de Dirigentes Lojistas de Jundia\u00ed (CDL), a abertura em hor\u00e1rio estendido representa uma boa oportunidade para os lojistas apostarem nas vendas de produtos mais utilizados no inverno, como roupas (agasalhos, jaquetas, casacos); cal\u00e7ados, botas e demais acess\u00f3rios, como luvas, gorros e meias.<\/p>\n\n\n\n<p>Entre os produtos da esta\u00e7\u00e3o mais fria do ano tamb\u00e9m est\u00e3o os itens para casa aquecedores, cobertores e mantas; roupas de cama e tapetes. \u201cO inverno \u00e9 uma esta\u00e7\u00e3o de oportunidades para o com\u00e9rcio. \u00c9 hora de aproveitar as necessidades impostas pela queda das temperaturas, com a comercializa\u00e7\u00e3o de artigos espec\u00edficos para essa \u00e9poca e de maior valor agregado\u201d, pontua Maltoni.<\/p>\n\n\n\n<p>Al\u00e9m do com\u00e9rcio, ele ressalta que o inverno tamb\u00e9m \u00e9 uma excelente \u00e9poca para o setor de alimenta\u00e7\u00e3o com apostas em diferenciais nos card\u00e1pios, oferta de caldos, sopas, bebidas, entre outros. \u201cA CDL e o Sincomercio sempre orientam seus associados e contribuintes para este momento no com\u00e9rcio. \u00c9 hora de usar a criatividade para atrair os consumidores, estimular as vendas e atrair novos clientes.\u201d<\/p>\n\n\n\n<div class=\"wp-block-image\"><figure class=\"aligncenter size-large\"><img loading=\"lazy\" decoding=\"async\" width=\"600\" height=\"400\" src=\"https:\/\/tvtecjundiai.com.br\/news\/wp-content\/uploads\/sites\/2\/2021\/07\/Comercio-no-centro-de-Jundiai-2021.jpeg\" alt=\"\" class=\"wp-image-78672\" srcset=\"https:\/\/tvtecjundiai.com.br\/news\/wp-content\/uploads\/sites\/2\/2021\/07\/Comercio-no-centro-de-Jundiai-2021.jpeg 600w, https:\/\/tvtecjundiai.com.br\/news\/wp-content\/uploads\/sites\/2\/2021\/07\/Comercio-no-centro-de-Jundiai-2021-300x200.jpeg 300w\" sizes=\"auto, (max-width: 600px) 100vw, 600px\" \/><\/figure><\/div>\n\n\n\n<p><em>(Fonte\/Imagem: Sincomercio)<\/em><\/p>\n","protected":false},"excerpt":{"rendered":"<p>A abertura em hor\u00e1rio estendido \u00e9 uma boa oportunidade para os lojistas apostarem na venda de produtos de inverno.<\/p>\n","protected":false},"author":25,"featured_media":78672,"comment_status":"closed","ping_status":"closed","sticky":false,"template":"","format":"standard","meta":{"footnotes":""},"categories":[1],"tags":[],"class_list":["post-78671","post","type-post","status-publish","format-standard","has-post-thumbnail","hentry","category-noticias"],"_links":{"self":[{"href":"https:\/\/tvtecjundiai.com.br\/news\/wp-json\/wp\/v2\/posts\/78671","targetHints":{"allow":["GET"]}}],"collection":[{"href":"https:\/\/tvtecjundiai.com.br\/news\/wp-json\/wp\/v2\/posts"}],"about":[{"href":"https:\/\/tvtecjundiai.com.br\/news\/wp-json\/wp\/v2\/types\/post"}],"author":[{"embeddable":true,"href":"https:\/\/tvtecjundiai.com.br\/news\/wp-json\/wp\/v2\/users\/25"}],"replies":[{"embeddable":true,"href":"https:\/\/tvtecjundiai.com.br\/news\/wp-json\/wp\/v2\/comments?post=78671"}],"version-history":[{"count":1,"href":"https:\/\/tvtecjundiai.com.br\/news\/wp-json\/wp\/v2\/posts\/78671\/revisions"}],"predecessor-version":[{"id":78673,"href":"https:\/\/tvtecjundiai.com.br\/news\/wp-json\/wp\/v2\/posts\/78671\/revisions\/78673"}],"wp:featuredmedia":[{"embeddable":true,"href":"https:\/\/tvtecjundiai.com.br\/news\/wp-json\/wp\/v2\/media\/78672"}],"wp:attachment":[{"href":"https:\/\/tvtecjundiai.com.br\/news\/wp-json\/wp\/v2\/media?parent=78671"}],"wp:term":[{"taxonomy":"category","embeddable":true,"href":"https:\/\/tvtecjundiai.com.br\/news\/wp-json\/wp\/v2\/categories?post=78671"},{"taxonomy":"post_tag","embeddable":true,"href":"https:\/\/tvtecjundiai.com.br\/news\/wp-json\/wp\/v2\/tags?post=78671"}],"curies":[{"name":"wp","href":"https:\/\/api.w.org\/{rel}","templated":true}]}}