{"id":78677,"date":"2021-07-05T15:03:08","date_gmt":"2021-07-05T18:03:08","guid":{"rendered":"https:\/\/tvtecjundiai.com.br\/news\/?p=78677"},"modified":"2021-07-05T17:57:32","modified_gmt":"2021-07-05T20:57:32","slug":"covid-19-media-movel-de-casos-no-brasil-e-a-mais-baixa-desde-24-de-fevereiro-1","status":"publish","type":"post","link":"https:\/\/tvtecjundiai.com.br\/news\/2021\/07\/05\/covid-19-media-movel-de-casos-no-brasil-e-a-mais-baixa-desde-24-de-fevereiro-1\/","title":{"rendered":"COVID-19: M\u00e9dia m\u00f3vel de casos no Brasil \u00e9 a mais baixa desde 24 de fevereiro"},"content":{"rendered":"\n<p>O Brasil registrou 776 mortes por COVID-19 nas \u00faltimas 24 horas, totalizando neste domingo (04) 524.475 \u00f3bitos desde o in\u00edcio da pandemia. Com isso, a m\u00e9dia m\u00f3vel de mortes nos \u00faltimos 7 dias chegou a 1.562. Em compara\u00e7\u00e3o \u00e0 m\u00e9dia de 14 dias atr\u00e1s, a varia\u00e7\u00e3o foi de -24% e aponta tend\u00eancia de queda.<\/p>\n\n\n\n<p>Os n\u00fameros est\u00e3o no novo levantamento do cons\u00f3rcio de ve\u00edculos de imprensa sobre a situa\u00e7\u00e3o da pandemia de Coronav\u00edrus no Brasil, consolidados \u00e0s 20h deste domingo. O balan\u00e7o \u00e9 feito a partir de dados das secretarias estaduais de Sa\u00fade.<\/p>\n\n\n\n<ul class=\"wp-block-list\"><li>Segunda (28): 1.626<\/li><li>Ter\u00e7a (29): 1.603<\/li><li>Quarta (30): 1.572<\/li><li>Quinta (1\u00b0): 1.558<\/li><li>Sexta (2): 1.542<\/li><li>S\u00e1bado (3): 1.554<\/li><li>Domingo (4): 1.562<\/li><\/ul>\n\n\n\n<p>De 17 de mar\u00e7o at\u00e9 10 de maio, foram 55 dias seguidos com essa m\u00e9dia m\u00f3vel de mortes acima de 2 mil. No pior momento desse per\u00edodo, a m\u00e9dia chegou ao recorde de 3.125, no dia 12 de abril.<\/p>\n\n\n\n<p>Apenas o Acre apresenta tend\u00eancia de alta nas mortes. Temos sete estados em estabilidade; DF e outros 17 apontam queda no comparativo com 14 dias atr\u00e1s. O estado de Roraima n\u00e3o divulgou novos dados de mortes neste s\u00e1bado. Segundo a secretaria, o sistema estadual que centraliza os n\u00fameros de \u00f3bitos n\u00e3o \u00e9 alimentado pelos munic\u00edpios aos finais de semana e feriados.<\/p>\n\n\n\n<p>Em casos confirmados, desde o come\u00e7o da pandemia, 18.766.280 brasileiros j\u00e1 tiveram ou t\u00eam o novo coronav\u00edrus, com 25.794 desses confirmados no \u00faltimo dia &#8211; o menor n\u00famero desde 14 de fevereiro. A m\u00e9dia m\u00f3vel nos \u00faltimos 7 dias foi de 49.881 novos diagn\u00f3sticos por dia &#8211; a mais baixa desde 24 de fevereiro. Isso representa uma varia\u00e7\u00e3o de -32% em rela\u00e7\u00e3o aos casos registrados na m\u00e9dia h\u00e1 duas semanas, o que indica tend\u00eancia de queda tamb\u00e9m nos diagn\u00f3sticos.<\/p>\n\n\n\n<p>Em seu pior momento, a curva da m\u00e9dia de diagn\u00f3sticos chegou \u00e0 marca de 77.295 novos casos di\u00e1rios, no dia 23 de junho.<\/p>\n\n\n\n<p><strong>Brasil, 4 de julho<\/strong><\/p>\n\n\n\n<ul class=\"wp-block-list\"><li>Total de mortes: 524.475<\/li><li>Registro de mortes em 24 horas: 776<\/li><li>M\u00e9dia de novas mortes nos \u00faltimos 7 dias: 1.562 por dia (varia\u00e7\u00e3o em 14 dias: -24%)<\/li><li>Total de casos confirmados: 18.766.280<\/li><li>Registro de casos confirmados em 24 horas: 25.794<\/li><li>M\u00e9dia de novos casos nos \u00faltimos 7 dias: 49.881 por dia (varia\u00e7\u00e3o em 14 dias: -32%)<\/li><\/ul>\n\n\n\n<p><strong>Estados<\/strong><\/p>\n\n\n\n<ul class=\"wp-block-list\"><li>Em alta (1 estado): AC<\/li><li>Em estabilidade (7 estados): ES, SP, MT, AM, TO, AL e MA<\/li><li>Em queda (17 estados e o DF): PR, RS, SC, MG, RJ, DF, GO, MS, AP, PA, RO, BA, CE, PB, PE, PI, RN e SE<\/li><li>N\u00e3o divulgou mortes (1 estado): RR<\/li><\/ul>\n\n\n\n<p>Essa compara\u00e7\u00e3o leva em conta a m\u00e9dia de mortes nos \u00faltimos 7 dias at\u00e9 a publica\u00e7\u00e3o deste balan\u00e7o em rela\u00e7\u00e3o \u00e0 m\u00e9dia registrada duas semanas atr\u00e1s (entenda os crit\u00e9rios usados pelo G1 para analisar as tend\u00eancias da pandemia).<\/p>\n\n\n\n<p>Vale ressaltar que h\u00e1 estados em que o baixo n\u00famero m\u00e9dio de \u00f3bitos pode levar a grandes varia\u00e7\u00f5es percentuais. Os dados de m\u00e9dias m\u00f3veis s\u00e3o, em geral, em n\u00fameros decimais e arredondados para facilitar a apresenta\u00e7\u00e3o dos dados.<\/p>\n\n\n\n<p><strong>Vacina\u00e7\u00e3o<\/strong><br>H\u00e1 sete dias, o Brasil se mant\u00e9m em 12% de pessoas totalmente imunizadas, ou seja, que tomaram a segunda dose ou a dose \u00fanica de vacinas contra a COVID-19. Foi em 28 de junho que o pa\u00eds registrou 12,09% de totalmente imunizados e neste domingo (4), s\u00e3o 12,79% de imunizados. Os dados s\u00e3o do cons\u00f3rcio de ve\u00edculos de imprensa, divulgado \u00e0s 20h de hoje. S\u00e3o 27.077.167 aplica\u00e7\u00f5es de segunda dose e de dose \u00fanica, no total.<\/p>\n\n\n\n<p>A segunda dose foi aplicada em 26.238.985 e a dose \u00fanica em 838.182. A primeira dose foi aplicada em 76.377.088 pessoas, o que corresponde a 36,07% da popula\u00e7\u00e3o.<\/p>\n\n\n\n<p><strong>Cons\u00f3rcio de ve\u00edculos de imprensa<\/strong><br>Os dados sobre casos e mortes de Coronav\u00edrus no Brasil foram obtidos ap\u00f3s uma parceria in\u00e9dita entre G1, O Globo, Extra, O Estado de S.Paulo, Folha de S.Paulo e UOL, que passaram a trabalhar, desde o dia 8 de junho, de forma colaborativa para reunir as informa\u00e7\u00f5es necess\u00e1rias nos 26 estados e no Distrito Federal<\/p>\n\n\n\n<figure class=\"wp-block-image size-large\"><img loading=\"lazy\" decoding=\"async\" width=\"813\" height=\"503\" src=\"https:\/\/tvtecjundiai.com.br\/news\/wp-content\/uploads\/sites\/2\/2021\/04\/UTI.png\" alt=\"\" class=\"wp-image-73867\" srcset=\"https:\/\/tvtecjundiai.com.br\/news\/wp-content\/uploads\/sites\/2\/2021\/04\/UTI.png 813w, https:\/\/tvtecjundiai.com.br\/news\/wp-content\/uploads\/sites\/2\/2021\/04\/UTI-300x186.png 300w, https:\/\/tvtecjundiai.com.br\/news\/wp-content\/uploads\/sites\/2\/2021\/04\/UTI-768x475.png 768w\" sizes=\"auto, (max-width: 813px) 100vw, 813px\" \/><\/figure>\n\n\n\n<p><em>(Texto: G1\/ Imagem: TVTEC)<\/em><\/p>\n","protected":false},"excerpt":{"rendered":"<p>Brasil tem 776 mortes por COVID-19 em 24 horas; estado de SP mant\u00e9m n\u00edvel de estabilidade<\/p>\n","protected":false},"author":28,"featured_media":73867,"comment_status":"closed","ping_status":"closed","sticky":false,"template":"","format":"standard","meta":{"footnotes":""},"categories":[8356,1],"tags":[],"class_list":["post-78677","post","type-post","status-publish","format-standard","has-post-thumbnail","hentry","category-jundiai","category-noticias"],"_links":{"self":[{"href":"https:\/\/tvtecjundiai.com.br\/news\/wp-json\/wp\/v2\/posts\/78677","targetHints":{"allow":["GET"]}}],"collection":[{"href":"https:\/\/tvtecjundiai.com.br\/news\/wp-json\/wp\/v2\/posts"}],"about":[{"href":"https:\/\/tvtecjundiai.com.br\/news\/wp-json\/wp\/v2\/types\/post"}],"author":[{"embeddable":true,"href":"https:\/\/tvtecjundiai.com.br\/news\/wp-json\/wp\/v2\/users\/28"}],"replies":[{"embeddable":true,"href":"https:\/\/tvtecjundiai.com.br\/news\/wp-json\/wp\/v2\/comments?post=78677"}],"version-history":[{"count":2,"href":"https:\/\/tvtecjundiai.com.br\/news\/wp-json\/wp\/v2\/posts\/78677\/revisions"}],"predecessor-version":[{"id":78715,"href":"https:\/\/tvtecjundiai.com.br\/news\/wp-json\/wp\/v2\/posts\/78677\/revisions\/78715"}],"wp:featuredmedia":[{"embeddable":true,"href":"https:\/\/tvtecjundiai.com.br\/news\/wp-json\/wp\/v2\/media\/73867"}],"wp:attachment":[{"href":"https:\/\/tvtecjundiai.com.br\/news\/wp-json\/wp\/v2\/media?parent=78677"}],"wp:term":[{"taxonomy":"category","embeddable":true,"href":"https:\/\/tvtecjundiai.com.br\/news\/wp-json\/wp\/v2\/categories?post=78677"},{"taxonomy":"post_tag","embeddable":true,"href":"https:\/\/tvtecjundiai.com.br\/news\/wp-json\/wp\/v2\/tags?post=78677"}],"curies":[{"name":"wp","href":"https:\/\/api.w.org\/{rel}","templated":true}]}}