{"id":78681,"date":"2021-07-05T15:25:12","date_gmt":"2021-07-05T18:25:12","guid":{"rendered":"https:\/\/tvtecjundiai.com.br\/news\/?p=78681"},"modified":"2021-07-05T15:57:41","modified_gmt":"2021-07-05T18:57:41","slug":"frio-continua-nesta-semana-mas-temperaturas-comecam-a-subir-a-partir-de-sabado-10-1","status":"publish","type":"post","link":"https:\/\/tvtecjundiai.com.br\/news\/2021\/07\/05\/frio-continua-nesta-semana-mas-temperaturas-comecam-a-subir-a-partir-de-sabado-10-1\/","title":{"rendered":"Frio continua nesta semana, mas temperaturas come\u00e7am a subir a partir de s\u00e1bado (10)"},"content":{"rendered":"\n<p>O frio ainda vai \u2018dar as caras\u2019 nesta semana em Jundia\u00ed. Segundo o Climatempo, at\u00e9 o feriado de sexta-feira (09), os dias ainda ser\u00e3o gelados, com as temperaturas m\u00ednimas variando entre 11\u00ba e 12\u00ba e as m\u00e1ximas n\u00e3o ultrapassando os 24\u00ba. N\u00e3o h\u00e1 previs\u00e3o de chuva para esta semana e o Sol deve aparecer em todos os dias.<\/p>\n\n\n\n<figure class=\"wp-block-image size-large\"><img loading=\"lazy\" decoding=\"async\" width=\"960\" height=\"600\" src=\"https:\/\/tvtecjundiai.com.br\/news\/wp-content\/uploads\/sites\/2\/2020\/05\/jundia\u00ed.jpg\" alt=\"\" class=\"wp-image-56068\" srcset=\"https:\/\/tvtecjundiai.com.br\/news\/wp-content\/uploads\/sites\/2\/2020\/05\/jundia\u00ed.jpg 960w, https:\/\/tvtecjundiai.com.br\/news\/wp-content\/uploads\/sites\/2\/2020\/05\/jundia\u00ed-300x188.jpg 300w, https:\/\/tvtecjundiai.com.br\/news\/wp-content\/uploads\/sites\/2\/2020\/05\/jundia\u00ed-768x480.jpg 768w\" sizes=\"auto, (max-width: 960px) 100vw, 960px\" \/><figcaption>Tempo para os pr\u00f3ximos dias ser\u00e1 de c\u00e9u aberto, sem previs\u00e3o de chuva<\/figcaption><\/figure>\n\n\n\n<p>Mas as temperaturas prometem come\u00e7ar a subir a partir de s\u00e1bado (10), com a m\u00e1xima chegando aos 25\u00ba e a m\u00ednima atingindo os 12\u00ba. J\u00e1 no domingo (11), o dia j\u00e1 fica um pouco mais quente, com a m\u00e1xima chegando aos 28\u00ba e a m\u00ednima se mantendo nos 12\u00ba.<\/p>\n\n\n\n<p>As temperaturas devem continuar a subir na pr\u00f3xima semana, com a m\u00e1xima atingindo os 30\u00ba na quinta-feira (14).<\/p>\n\n\n\n<p><em>(Texto: TVTEC\/Imagem: Gabriel Cayres))<\/em><\/p>\n","protected":false},"excerpt":{"rendered":"<p>Clima gelado ainda permanece at\u00e9 a sexta-feira (09), feriado estadual da Revolu\u00e7\u00e3o Constitucionalista<\/p>\n","protected":false},"author":28,"featured_media":78686,"comment_status":"closed","ping_status":"closed","sticky":false,"template":"","format":"standard","meta":{"footnotes":""},"categories":[8356,1],"tags":[],"class_list":["post-78681","post","type-post","status-publish","format-standard","has-post-thumbnail","hentry","category-jundiai","category-noticias"],"_links":{"self":[{"href":"https:\/\/tvtecjundiai.com.br\/news\/wp-json\/wp\/v2\/posts\/78681","targetHints":{"allow":["GET"]}}],"collection":[{"href":"https:\/\/tvtecjundiai.com.br\/news\/wp-json\/wp\/v2\/posts"}],"about":[{"href":"https:\/\/tvtecjundiai.com.br\/news\/wp-json\/wp\/v2\/types\/post"}],"author":[{"embeddable":true,"href":"https:\/\/tvtecjundiai.com.br\/news\/wp-json\/wp\/v2\/users\/28"}],"replies":[{"embeddable":true,"href":"https:\/\/tvtecjundiai.com.br\/news\/wp-json\/wp\/v2\/comments?post=78681"}],"version-history":[{"count":2,"href":"https:\/\/tvtecjundiai.com.br\/news\/wp-json\/wp\/v2\/posts\/78681\/revisions"}],"predecessor-version":[{"id":78687,"href":"https:\/\/tvtecjundiai.com.br\/news\/wp-json\/wp\/v2\/posts\/78681\/revisions\/78687"}],"wp:featuredmedia":[{"embeddable":true,"href":"https:\/\/tvtecjundiai.com.br\/news\/wp-json\/wp\/v2\/media\/78686"}],"wp:attachment":[{"href":"https:\/\/tvtecjundiai.com.br\/news\/wp-json\/wp\/v2\/media?parent=78681"}],"wp:term":[{"taxonomy":"category","embeddable":true,"href":"https:\/\/tvtecjundiai.com.br\/news\/wp-json\/wp\/v2\/categories?post=78681"},{"taxonomy":"post_tag","embeddable":true,"href":"https:\/\/tvtecjundiai.com.br\/news\/wp-json\/wp\/v2\/tags?post=78681"}],"curies":[{"name":"wp","href":"https:\/\/api.w.org\/{rel}","templated":true}]}}