{"id":78695,"date":"2021-07-05T16:27:16","date_gmt":"2021-07-05T19:27:16","guid":{"rendered":"https:\/\/tvtecjundiai.com.br\/news\/?p=78695"},"modified":"2021-07-05T16:27:24","modified_gmt":"2021-07-05T19:27:24","slug":"reuniao-de-plataformas-monitora-projetos-e-obras-prioritarias-da-prefeitura-de-jundiai","status":"publish","type":"post","link":"https:\/\/tvtecjundiai.com.br\/news\/2021\/07\/05\/reuniao-de-plataformas-monitora-projetos-e-obras-prioritarias-da-prefeitura-de-jundiai\/","title":{"rendered":"Reuni\u00e3o de plataformas monitora projetos e obras priorit\u00e1rias da Prefeitura de Jundia\u00ed"},"content":{"rendered":"\n<p>Foi realizada hoje (05) pela manh\u00e3, sob a coordena\u00e7\u00e3o da Unidade de Governo e Finan\u00e7as, a 4\u00aa rodada de reuni\u00f5es de plataformas envolvendo diversas unidades de gest\u00e3o com o objetivo de monitorar os projetos e obras priorit\u00e1rios do governo. A reuni\u00e3o ocorreu no formato virtual e abordou projetos da Plataformas de Sa\u00fade e Qualidade de Vida, Educa\u00e7\u00e3o e Cultura, Seguran\u00e7a Municipal e Prote\u00e7\u00e3o do Cidad\u00e3o e Inclus\u00e3o e Desenvolvimento Social.<\/p>\n\n\n\n<p>Segundo o gestor de Governo e Finan\u00e7as, Jos\u00e9 Antonio Parimoschi, a proposta dessas reuni\u00f5es \u00e9 fazer o acompanhamento de cada um dos projetos priorit\u00e1rios do governo municipal, para conferir e destravar a execu\u00e7\u00e3o dos cronogramas de entregas para a popula\u00e7\u00e3o. \u00a0<\/p>\n\n\n\n<figure class=\"wp-block-image size-large\"><img loading=\"lazy\" decoding=\"async\" width=\"1200\" height=\"801\" src=\"https:\/\/tvtecjundiai.com.br\/news\/wp-content\/uploads\/sites\/2\/2021\/07\/reuniao_plataforma_parimoschi-28-1200x801.jpg\" alt=\"\" class=\"wp-image-78696\" srcset=\"https:\/\/tvtecjundiai.com.br\/news\/wp-content\/uploads\/sites\/2\/2021\/07\/reuniao_plataforma_parimoschi-28-1200x801.jpg 1200w, https:\/\/tvtecjundiai.com.br\/news\/wp-content\/uploads\/sites\/2\/2021\/07\/reuniao_plataforma_parimoschi-28-300x200.jpg 300w, https:\/\/tvtecjundiai.com.br\/news\/wp-content\/uploads\/sites\/2\/2021\/07\/reuniao_plataforma_parimoschi-28-768x512.jpg 768w, https:\/\/tvtecjundiai.com.br\/news\/wp-content\/uploads\/sites\/2\/2021\/07\/reuniao_plataforma_parimoschi-28.jpg 1280w\" sizes=\"auto, (max-width: 1200px) 100vw, 1200px\" \/><figcaption>Parimoschi durante a reuni\u00e3o: \u201cpotencializamos o uso dos recursos p\u00fablicos, com mais efici\u00eancia na ponta e melhores resultados para os mun\u00edcipes, que recebem a obra ou o servi\u00e7o dentro do prazo\u201d<\/figcaption><\/figure>\n\n\n\n<p>\u201cO nosso modelo de gest\u00e3o utiliza o gerenciamento de projetos como ferramenta para planejar, avaliar e controlar cada um dos projetos e obras priorit\u00e1rios da Prefeitura. Dessa forma, potencializamos o uso dos recursos p\u00fablicos, com mais efici\u00eancia na ponta e melhores resultados para os mun\u00edcipes, que recebem a obra ou o servi\u00e7o dentro do prazo\u201d, explica Parimoschi. \u201cTrabalhamos em plataformas, com as unidades de gest\u00e3o atuando de forma intersetorial, o que agiliza os trabalhos. Essa j\u00e1 \u00e9 uma marca de inova\u00e7\u00e3o da gest\u00e3o Luiz Fernando Machado.\u201d<\/p>\n\n\n\n<p>Da \u00e1rea da Sa\u00fade, foram abordadas as obras da Casa de Apoio, que servir\u00e1 aos profissionais de sa\u00fade da Cl\u00ednica da Fam\u00edlia e do PA da Vila Hortol\u00e2ndia, ainda em andamento. Tamb\u00e9m foram discutidas a reforma e a amplia\u00e7\u00e3o da UBS Morada das Vinhas (cujas pend\u00eancias t\u00e9cnicas atrasaram o in\u00edcio do processo licitat\u00f3rio) e a constru\u00e7\u00e3o do Centro de Especialidades Vila Progresso, cujo projeto est\u00e1 em andamento.<\/p>\n\n\n\n<p>Na \u00e1rea de Esporte e Lazer, os gestores e t\u00e9cnicos abordaram a constru\u00e7\u00e3o dos vesti\u00e1rios e da arquibancada da piscina do CECE Dr. Nicolino de Lucca (Bol\u00e3o), com previs\u00e3o de entrega ainda para este m\u00eas. Tamb\u00e9m do Esporte, as constru\u00e7\u00f5es do vesti\u00e1rio no campo de futebol e da pista de skate do CECE Prof. Helena Cestari, com recursos federais, que est\u00e3o sendo alinhados com as condi\u00e7\u00f5es atuais de contrata\u00e7\u00e3o da obra.<\/p>\n\n\n\n<figure class=\"wp-block-image size-large\"><img loading=\"lazy\" decoding=\"async\" width=\"1200\" height=\"452\" src=\"https:\/\/tvtecjundiai.com.br\/news\/wp-content\/uploads\/sites\/2\/2021\/07\/reuniao3-2-1200x452.jpg\" alt=\"\" class=\"wp-image-78697\" srcset=\"https:\/\/tvtecjundiai.com.br\/news\/wp-content\/uploads\/sites\/2\/2021\/07\/reuniao3-2-1200x452.jpg 1200w, https:\/\/tvtecjundiai.com.br\/news\/wp-content\/uploads\/sites\/2\/2021\/07\/reuniao3-2-300x113.jpg 300w, https:\/\/tvtecjundiai.com.br\/news\/wp-content\/uploads\/sites\/2\/2021\/07\/reuniao3-2-768x289.jpg 768w, https:\/\/tvtecjundiai.com.br\/news\/wp-content\/uploads\/sites\/2\/2021\/07\/reuniao3-2.jpg 1280w\" sizes=\"auto, (max-width: 1200px) 100vw, 1200px\" \/><figcaption>Reuni\u00e3o contou com participa\u00e7\u00e3o virtual de diferentes gestores e t\u00e9cnicos da Prefeitura de Jundia\u00ed<\/figcaption><\/figure>\n\n\n\n<p>Tamb\u00e9m foram discutidos projetos de reformas de escolas que est\u00e3o em andamento e tamb\u00e9m a constru\u00e7\u00e3o da nova casa de passagem, que est\u00e1 na reta final de conclus\u00e3o da obra. Na seguran\u00e7a, o destaque ficou para a licita\u00e7\u00e3o, que deve ser iniciada na pr\u00f3xima semana, da constru\u00e7\u00e3o das novas sedes da Guarda Municipal de Jundia\u00ed, Samu\/Saec, Defesa Civil e CICOM (Centro Integrado de Comunica\u00e7\u00e3o), na Vila Rami.<\/p>\n\n\n\n<p>Na semana que vem, a reuni\u00e3o de projetos priorit\u00e1rios ser\u00e1 com unidades de gest\u00e3o ligadas \u00e0s plataformas de Desenvolvimento Sustent\u00e1vel, Desenvolvimento Econ\u00f4mico, Tecnologia e Emprego e Inclus\u00e3o e Desenvolvimento Social.<\/p>\n\n\n\n<p><em>(Texto\/Imagem: Prefeitura de Jundia\u00ed)<\/em><\/p>\n","protected":false},"excerpt":{"rendered":"<p>A reuni\u00e3o ocorreu no formato virtual e abordou projetos de diferentes segmentos<\/p>\n","protected":false},"author":28,"featured_media":78696,"comment_status":"closed","ping_status":"closed","sticky":false,"template":"","format":"standard","meta":{"footnotes":""},"categories":[8356,1],"tags":[],"class_list":["post-78695","post","type-post","status-publish","format-standard","has-post-thumbnail","hentry","category-jundiai","category-noticias"],"_links":{"self":[{"href":"https:\/\/tvtecjundiai.com.br\/news\/wp-json\/wp\/v2\/posts\/78695","targetHints":{"allow":["GET"]}}],"collection":[{"href":"https:\/\/tvtecjundiai.com.br\/news\/wp-json\/wp\/v2\/posts"}],"about":[{"href":"https:\/\/tvtecjundiai.com.br\/news\/wp-json\/wp\/v2\/types\/post"}],"author":[{"embeddable":true,"href":"https:\/\/tvtecjundiai.com.br\/news\/wp-json\/wp\/v2\/users\/28"}],"replies":[{"embeddable":true,"href":"https:\/\/tvtecjundiai.com.br\/news\/wp-json\/wp\/v2\/comments?post=78695"}],"version-history":[{"count":1,"href":"https:\/\/tvtecjundiai.com.br\/news\/wp-json\/wp\/v2\/posts\/78695\/revisions"}],"predecessor-version":[{"id":78698,"href":"https:\/\/tvtecjundiai.com.br\/news\/wp-json\/wp\/v2\/posts\/78695\/revisions\/78698"}],"wp:featuredmedia":[{"embeddable":true,"href":"https:\/\/tvtecjundiai.com.br\/news\/wp-json\/wp\/v2\/media\/78696"}],"wp:attachment":[{"href":"https:\/\/tvtecjundiai.com.br\/news\/wp-json\/wp\/v2\/media?parent=78695"}],"wp:term":[{"taxonomy":"category","embeddable":true,"href":"https:\/\/tvtecjundiai.com.br\/news\/wp-json\/wp\/v2\/categories?post=78695"},{"taxonomy":"post_tag","embeddable":true,"href":"https:\/\/tvtecjundiai.com.br\/news\/wp-json\/wp\/v2\/tags?post=78695"}],"curies":[{"name":"wp","href":"https:\/\/api.w.org\/{rel}","templated":true}]}}