{"id":78699,"date":"2021-07-05T16:34:50","date_gmt":"2021-07-05T19:34:50","guid":{"rendered":"https:\/\/tvtecjundiai.com.br\/news\/?p=78699"},"modified":"2021-07-05T16:35:00","modified_gmt":"2021-07-05T19:35:00","slug":"vacinacao-solidaria-continua-com-arrecadacao-de-alimentos-nao-pereciveis","status":"publish","type":"post","link":"https:\/\/tvtecjundiai.com.br\/news\/2021\/07\/05\/vacinacao-solidaria-continua-com-arrecadacao-de-alimentos-nao-pereciveis\/","title":{"rendered":"\u2018Vacina\u00e7\u00e3o Solid\u00e1ria\u2019 continua com arrecada\u00e7\u00e3o de alimentos n\u00e3o perec\u00edveis"},"content":{"rendered":"\n<p>A m\u00e1scara descart\u00e1vel n\u00e3o escondia a felicidade do Joaquim Silvio Fidencio Bueno, de 68 anos, que foi at\u00e9 o Parque da Uva, nesta segunda-feira (05), para receber a segunda dose do imunizante contra a COVID-19. Como forma de agradecer pela pr\u00f3pria vida e para ajudar tantas outras, o aposentado fez quest\u00e3o de colaborar com a \u2018Vacina\u00e7\u00e3o Solid\u00e1ria\u2019. \u201cO momento \u00e9 muito dif\u00edcil e de preocupa\u00e7\u00e3o para as fam\u00edlias, principalmente para aquelas que perderam renda. Al\u00e9m disso, todo mundo precisa de um arroz no prato. Por isso, n\u00e3o pensei duas vezes e colaborei mais uma vez\u201d, disse ele.<\/p>\n\n\n\n<figure class=\"wp-block-image size-large\"><img loading=\"lazy\" decoding=\"async\" width=\"1200\" height=\"800\" src=\"https:\/\/tvtecjundiai.com.br\/news\/wp-content\/uploads\/sites\/2\/2021\/07\/vacinacao-solidaria_drive-1-1200x800.jpg\" alt=\"\" class=\"wp-image-78701\" srcset=\"https:\/\/tvtecjundiai.com.br\/news\/wp-content\/uploads\/sites\/2\/2021\/07\/vacinacao-solidaria_drive-1-1200x800.jpg 1200w, https:\/\/tvtecjundiai.com.br\/news\/wp-content\/uploads\/sites\/2\/2021\/07\/vacinacao-solidaria_drive-1-300x200.jpg 300w, https:\/\/tvtecjundiai.com.br\/news\/wp-content\/uploads\/sites\/2\/2021\/07\/vacinacao-solidaria_drive-1-768x512.jpg 768w, https:\/\/tvtecjundiai.com.br\/news\/wp-content\/uploads\/sites\/2\/2021\/07\/vacinacao-solidaria_drive-1.jpg 1280w\" sizes=\"auto, (max-width: 1200px) 100vw, 1200px\" \/><figcaption>Joaquim: doa\u00e7\u00e3o de alimentos \u00e9 uma forma de ajudar quem precisa<\/figcaption><\/figure>\n\n\n\n<p>Quem tamb\u00e9m ajudou a campanha de arrecada\u00e7\u00e3o de alimentos n\u00e3o perec\u00edveis foi a fam\u00edlia do La\u00e9rcio Lucena, de 67 anos. Acompanhado da esposa, da filha e da neta, o aposentado fez doa\u00e7\u00f5es para as fam\u00edlias em vulnerabilidade. \u201cSe cada um fizer um pouco, \u00e9 poss\u00edvel ajudar muita gente\u201d, disse ele.<\/p>\n\n\n\n<p>A \u2018Vacina\u00e7\u00e3o Solid\u00e1ria\u2019, a\u00e7\u00e3o coordenada pelo Fundo Social de Solidariedade de Jundia\u00ed (Funss), continua em todos os pontos de imuniza\u00e7\u00e3o contra a COVID-19, no munic\u00edpio. As doa\u00e7\u00f5es recepcionadas pelos volunt\u00e1rios nos locais de agendamento s\u00e3o direcionadas para fortalecer a Campanha Permanente do Fundo Social. Depois de triadas, as contribui\u00e7\u00f5es s\u00e3o transformadas em cestas b\u00e1sicas e direcionadas para as entidades, igrejas e associa\u00e7\u00f5es de moradores com cadastro atualizado no Fundo Social. Al\u00e9m disso, tamb\u00e9m recebe parte destas doa\u00e7\u00f5es a Unidade de Gest\u00e3o de Assist\u00eancia e Desenvolvimento Social (UGADS), da Prefeitura de Jundia\u00ed, que faz o atendimento direto ao mun\u00edcipe em vulnerabilidade por meio dos Centros de Refer\u00eancia da Assist\u00eancia Social (CRAS).<\/p>\n\n\n\n<p>\u201cApesar de vocacionado \u00e0 qualifica\u00e7\u00e3o profissional gratuita, o Fundo Social desenvolve, h\u00e1 anos, um trabalho consistente junto \u00e0s entidades. Isso \u00e9 poss\u00edvel gra\u00e7as \u00e0s doa\u00e7\u00f5es feitas pela popula\u00e7\u00e3o em geral e por empresas instaladas no munic\u00edpio. A \u2018Vacina\u00e7\u00e3o Solid\u00e1ria\u2019 vem para refor\u00e7ar estes atendimentos e, por isso, \u00e9 essencial que as pessoas continuem doando. Somente com a ajuda de todos, conseguiremos atender com regularidade aqueles que vivem em vulnerabilidade\u201d, afirmou Vanessa Machado, presidente do Fundo Social.<\/p>\n\n\n\n<figure class=\"wp-block-image size-large\"><img loading=\"lazy\" decoding=\"async\" width=\"1200\" height=\"800\" src=\"https:\/\/tvtecjundiai.com.br\/news\/wp-content\/uploads\/sites\/2\/2021\/07\/vacinacao-solidaria_drive-3-1200x800.jpg\" alt=\"\" class=\"wp-image-78702\" srcset=\"https:\/\/tvtecjundiai.com.br\/news\/wp-content\/uploads\/sites\/2\/2021\/07\/vacinacao-solidaria_drive-3-1200x800.jpg 1200w, https:\/\/tvtecjundiai.com.br\/news\/wp-content\/uploads\/sites\/2\/2021\/07\/vacinacao-solidaria_drive-3-300x200.jpg 300w, https:\/\/tvtecjundiai.com.br\/news\/wp-content\/uploads\/sites\/2\/2021\/07\/vacinacao-solidaria_drive-3-768x512.jpg 768w, https:\/\/tvtecjundiai.com.br\/news\/wp-content\/uploads\/sites\/2\/2021\/07\/vacinacao-solidaria_drive-3.jpg 1280w\" sizes=\"auto, (max-width: 1200px) 100vw, 1200px\" \/><figcaption>Dona Nadir fez quest\u00e3o de doar alimentos para \u2018Vacina\u00e7\u00e3o Solid\u00e1ria\u2019<\/figcaption><\/figure>\n\n\n\n<p>\u201cEste trabalho \u00e9 muito lindo e n\u00e3o pode parar. H\u00e1 muita gente passando fome e que precisa de ajuda. Eu vi a divulga\u00e7\u00e3o, doei quando tomei a primeira dose e estou doando, novamente. Tor\u00e7o para que mais pessoas, inclusive os mais jovens, participem tamb\u00e9m\u201d, disse Nadir Balestrim Gabriel, de 67 anos.<\/p>\n\n\n\n<p><strong>Onde doar?<\/strong><\/p>\n\n\n\n<p>Os endere\u00e7os dos pontos de imuniza\u00e7\u00e3o onde ocorre a \u201cVacina\u00e7\u00e3o Solid\u00e1ria\u201d est\u00e3o dispon\u00edveis no<strong>\u00a0<a href=\"https:\/\/jundiai.sp.gov.br\/coronavirus\/\">site da Prefeitura de Jundia\u00ed<\/a><\/strong>. Tamb\u00e9m \u00e9 poss\u00edvel conferir a localiza\u00e7\u00e3o no protocolo de agendamento, dispon\u00edvel ap\u00f3s a conclus\u00e3o do procedimento.<\/p>\n\n\n\n<figure class=\"wp-block-image size-large\"><img loading=\"lazy\" decoding=\"async\" width=\"1200\" height=\"800\" src=\"https:\/\/tvtecjundiai.com.br\/news\/wp-content\/uploads\/sites\/2\/2021\/07\/vacinacao-solidaria_drive-4-1200x800.jpg\" alt=\"\" class=\"wp-image-78703\" srcset=\"https:\/\/tvtecjundiai.com.br\/news\/wp-content\/uploads\/sites\/2\/2021\/07\/vacinacao-solidaria_drive-4-1200x800.jpg 1200w, https:\/\/tvtecjundiai.com.br\/news\/wp-content\/uploads\/sites\/2\/2021\/07\/vacinacao-solidaria_drive-4-300x200.jpg 300w, https:\/\/tvtecjundiai.com.br\/news\/wp-content\/uploads\/sites\/2\/2021\/07\/vacinacao-solidaria_drive-4-768x512.jpg 768w, https:\/\/tvtecjundiai.com.br\/news\/wp-content\/uploads\/sites\/2\/2021\/07\/vacinacao-solidaria_drive-4.jpg 1280w\" sizes=\"auto, (max-width: 1200px) 100vw, 1200px\" \/><figcaption>Doa\u00e7\u00f5es de alimentos podem ser entregues em todos os locais de imuniza\u00e7\u00e3o contra a COVID-19<\/figcaption><\/figure>\n\n\n\n<p>Os postos de aplica\u00e7\u00e3o do imunizante s\u00e3o identificados e contam com o trabalho de volunt\u00e1rios. Al\u00e9m disso, no Centro de Imuniza\u00e7\u00e3o para vacina\u00e7\u00e3o em esquema\u00a0<em>Drive Thru<\/em>, instalado no Parque da Uva, onde a vacina \u00e9 aplicada com o mun\u00edcipe dentro do carro, n\u00e3o h\u00e1 a necessidade de descer do ve\u00edculo para fazer a doa\u00e7\u00e3o. Informa\u00e7\u00f5es: (11) 4521-2762, 4521-2929 e 4521-6833.<\/p>\n\n\n\n<p><em>(Texto\/Imagem: Prefeitura de Jundia\u00ed)<\/em><\/p>\n","protected":false},"excerpt":{"rendered":"<p>As doa\u00e7\u00f5es s\u00e3o direcionadas para fortalecer a Campanha Permanente do Fundo Social<\/p>\n","protected":false},"author":28,"featured_media":78701,"comment_status":"closed","ping_status":"closed","sticky":false,"template":"","format":"standard","meta":{"footnotes":""},"categories":[8356,1],"tags":[],"class_list":["post-78699","post","type-post","status-publish","format-standard","has-post-thumbnail","hentry","category-jundiai","category-noticias"],"_links":{"self":[{"href":"https:\/\/tvtecjundiai.com.br\/news\/wp-json\/wp\/v2\/posts\/78699","targetHints":{"allow":["GET"]}}],"collection":[{"href":"https:\/\/tvtecjundiai.com.br\/news\/wp-json\/wp\/v2\/posts"}],"about":[{"href":"https:\/\/tvtecjundiai.com.br\/news\/wp-json\/wp\/v2\/types\/post"}],"author":[{"embeddable":true,"href":"https:\/\/tvtecjundiai.com.br\/news\/wp-json\/wp\/v2\/users\/28"}],"replies":[{"embeddable":true,"href":"https:\/\/tvtecjundiai.com.br\/news\/wp-json\/wp\/v2\/comments?post=78699"}],"version-history":[{"count":1,"href":"https:\/\/tvtecjundiai.com.br\/news\/wp-json\/wp\/v2\/posts\/78699\/revisions"}],"predecessor-version":[{"id":78704,"href":"https:\/\/tvtecjundiai.com.br\/news\/wp-json\/wp\/v2\/posts\/78699\/revisions\/78704"}],"wp:featuredmedia":[{"embeddable":true,"href":"https:\/\/tvtecjundiai.com.br\/news\/wp-json\/wp\/v2\/media\/78701"}],"wp:attachment":[{"href":"https:\/\/tvtecjundiai.com.br\/news\/wp-json\/wp\/v2\/media?parent=78699"}],"wp:term":[{"taxonomy":"category","embeddable":true,"href":"https:\/\/tvtecjundiai.com.br\/news\/wp-json\/wp\/v2\/categories?post=78699"},{"taxonomy":"post_tag","embeddable":true,"href":"https:\/\/tvtecjundiai.com.br\/news\/wp-json\/wp\/v2\/tags?post=78699"}],"curies":[{"name":"wp","href":"https:\/\/api.w.org\/{rel}","templated":true}]}}