{"id":78709,"date":"2021-07-05T17:40:35","date_gmt":"2021-07-05T20:40:35","guid":{"rendered":"https:\/\/tvtecjundiai.com.br\/news\/?p=78709"},"modified":"2021-07-05T17:48:24","modified_gmt":"2021-07-05T20:48:24","slug":"jundiai-recebera-maior-lote-de-vacinas-contra-covid-19-nesta-terca-feira-06-1","status":"publish","type":"post","link":"https:\/\/tvtecjundiai.com.br\/news\/2021\/07\/05\/jundiai-recebera-maior-lote-de-vacinas-contra-covid-19-nesta-terca-feira-06-1\/","title":{"rendered":"Jundia\u00ed receber\u00e1 19,2 mil vacinas contra COVID-19, o maior lote at\u00e9 agora"},"content":{"rendered":"\n<p>Nesta ter\u00e7a-feira (06), a Prefeitura de Jundia\u00ed far\u00e1 a retirada de 19,2 mil doses de vacinas contra a COVID-19 para aplica\u00e7\u00e3o na popula\u00e7\u00e3o entre 43 a 49 anos. O agendamento ser\u00e1 aberto ainda nesta semana, tamb\u00e9m de forma escalonada, como tem sido realizado nas \u00faltimas agendas eletr\u00f4nicas via canais digitais da Prefeitura de Jundia\u00ed (<a href=\"https:\/\/vacina.jundiai.sp.gov.br\/agendamento\/?rand=32968424396\">site<\/a>&nbsp;e APP Jundia\u00ed).<\/p>\n\n\n\n<p>\u201cEsta \u00e9 a maior entrega de doses j\u00e1 realizada para Jundia\u00ed. Vale lembrar que estamos tratando do maior p\u00fablico j\u00e1 habilitado para a aplica\u00e7\u00e3o at\u00e9 o momento. A expectativa \u00e9 atender a todos e com todos do grupo e com isso, avan\u00e7ar\u201d, comenta o gestor da Unidade de Gest\u00e3o de Promo\u00e7\u00e3o da Sa\u00fade (UGPS) Tiago Texera.<\/p>\n\n\n\n<figure class=\"wp-block-image size-large\"><img loading=\"lazy\" decoding=\"async\" width=\"1200\" height=\"801\" src=\"https:\/\/tvtecjundiai.com.br\/news\/wp-content\/uploads\/sites\/2\/2021\/07\/vacinacao_covid_43_45_cece_benedito_lima-40-1200x801.jpg\" alt=\"\" class=\"wp-image-78710\" srcset=\"https:\/\/tvtecjundiai.com.br\/news\/wp-content\/uploads\/sites\/2\/2021\/07\/vacinacao_covid_43_45_cece_benedito_lima-40-1200x801.jpg 1200w, https:\/\/tvtecjundiai.com.br\/news\/wp-content\/uploads\/sites\/2\/2021\/07\/vacinacao_covid_43_45_cece_benedito_lima-40-300x200.jpg 300w, https:\/\/tvtecjundiai.com.br\/news\/wp-content\/uploads\/sites\/2\/2021\/07\/vacinacao_covid_43_45_cece_benedito_lima-40-768x512.jpg 768w, https:\/\/tvtecjundiai.com.br\/news\/wp-content\/uploads\/sites\/2\/2021\/07\/vacinacao_covid_43_45_cece_benedito_lima-40.jpg 1280w\" sizes=\"auto, (max-width: 1200px) 100vw, 1200px\" \/><\/figure>\n\n\n\n<p><em>(Texto\/Imagem: Prefeitura de Jundia\u00ed)<\/em><\/p>\n","protected":false},"excerpt":{"rendered":"<p>Novo agendamento ser\u00e1 aberto ainda nesta semana, tamb\u00e9m de forma escalonada<\/p>\n","protected":false},"author":28,"featured_media":78710,"comment_status":"closed","ping_status":"closed","sticky":false,"template":"","format":"standard","meta":{"footnotes":""},"categories":[8356,1],"tags":[],"class_list":["post-78709","post","type-post","status-publish","format-standard","has-post-thumbnail","hentry","category-jundiai","category-noticias"],"_links":{"self":[{"href":"https:\/\/tvtecjundiai.com.br\/news\/wp-json\/wp\/v2\/posts\/78709","targetHints":{"allow":["GET"]}}],"collection":[{"href":"https:\/\/tvtecjundiai.com.br\/news\/wp-json\/wp\/v2\/posts"}],"about":[{"href":"https:\/\/tvtecjundiai.com.br\/news\/wp-json\/wp\/v2\/types\/post"}],"author":[{"embeddable":true,"href":"https:\/\/tvtecjundiai.com.br\/news\/wp-json\/wp\/v2\/users\/28"}],"replies":[{"embeddable":true,"href":"https:\/\/tvtecjundiai.com.br\/news\/wp-json\/wp\/v2\/comments?post=78709"}],"version-history":[{"count":2,"href":"https:\/\/tvtecjundiai.com.br\/news\/wp-json\/wp\/v2\/posts\/78709\/revisions"}],"predecessor-version":[{"id":78713,"href":"https:\/\/tvtecjundiai.com.br\/news\/wp-json\/wp\/v2\/posts\/78709\/revisions\/78713"}],"wp:featuredmedia":[{"embeddable":true,"href":"https:\/\/tvtecjundiai.com.br\/news\/wp-json\/wp\/v2\/media\/78710"}],"wp:attachment":[{"href":"https:\/\/tvtecjundiai.com.br\/news\/wp-json\/wp\/v2\/media?parent=78709"}],"wp:term":[{"taxonomy":"category","embeddable":true,"href":"https:\/\/tvtecjundiai.com.br\/news\/wp-json\/wp\/v2\/categories?post=78709"},{"taxonomy":"post_tag","embeddable":true,"href":"https:\/\/tvtecjundiai.com.br\/news\/wp-json\/wp\/v2\/tags?post=78709"}],"curies":[{"name":"wp","href":"https:\/\/api.w.org\/{rel}","templated":true}]}}