{"id":78716,"date":"2021-07-06T10:00:00","date_gmt":"2021-07-06T13:00:00","guid":{"rendered":"https:\/\/tvtecjundiai.com.br\/news\/?p=78716"},"modified":"2021-07-06T14:25:09","modified_gmt":"2021-07-06T17:25:09","slug":"aluna-da-tvtec-venezuelana-veio-para-jundiai-em-busca-de-melhor-qualidade-de-vida-1","status":"publish","type":"post","link":"https:\/\/tvtecjundiai.com.br\/news\/2021\/07\/06\/aluna-da-tvtec-venezuelana-veio-para-jundiai-em-busca-de-melhor-qualidade-de-vida-1\/","title":{"rendered":"Aluna da TVTEC, venezuelana veio para Jundia\u00ed em busca de melhor qualidade de vida"},"content":{"rendered":"\n<p>A aluna da TVTEC Nahivitt Stefany Santana Blatch, de 27 anos, passou por uma grande mudan\u00e7a de vida quando decidiu abandonar sua terra natal \u2013 a Venezuela \u2013 e se mudar para o Brasil, mais especificamente, para Jundia\u00ed.<\/p>\n\n\n\n<p>Stefany, que \u00e9 formada em Administra\u00e7\u00e3o Industrial, conta que ela e seu esposo estavam passando por dificuldades para encontrar trabalho no pa\u00eds vizinho. \u201cNossa decis\u00e3o veio pelas dificuldades laborais l\u00e1 na Venezuela\u201d, conta Stefany, que com a chegada do primeiro filho, decidiu apressar a mudan\u00e7a para o Brasil. \u201cUm grande desafio de levar essa tarefa para nosso pa\u00eds, especialmente quando depend\u00edamos de uma renda s\u00f3\u201d, lembra.<\/p>\n\n\n\n<p>A mudan\u00e7a s\u00f3 foi poss\u00edvel gra\u00e7as \u00e0 ajuda da igreja a qual Stefany e o marido pertencem, a Igreja de Jesus Cristo dos Santos dos \u00daltimos Dias. \u201cEles aceitaram ajudar os membros da igreja que chegassem no Brasil. Vendemos as poucas coisas que t\u00ednhamos l\u00e1 para custear nossa viajem e, ao entrar no Brasil, a igreja apoiou com os voos para algumas cidades do Brasil onde tinham os meios para nos receber\u201d, explica.<\/p>\n\n\n\n<div class=\"wp-block-image\"><figure class=\"aligncenter size-large\"><img loading=\"lazy\" decoding=\"async\" width=\"407\" height=\"570\" src=\"https:\/\/tvtecjundiai.com.br\/news\/wp-content\/uploads\/sites\/2\/2021\/07\/alunavenezuela.jpg\" alt=\"\" class=\"wp-image-78717\" srcset=\"https:\/\/tvtecjundiai.com.br\/news\/wp-content\/uploads\/sites\/2\/2021\/07\/alunavenezuela.jpg 407w, https:\/\/tvtecjundiai.com.br\/news\/wp-content\/uploads\/sites\/2\/2021\/07\/alunavenezuela-300x420.jpg 300w\" sizes=\"auto, (max-width: 407px) 100vw, 407px\" \/><figcaption>Stefany com o filho: Brasil foi destino para mudar de vida<\/figcaption><\/figure><\/div>\n\n\n\n<p>Em Jundia\u00ed, Stefany s\u00f3 tem elogios sobre a recep\u00e7\u00e3o dada \u00e0 fam\u00edlia. \u201cFomos acolhidos aqui na cidade de Jundia\u00ed, que \u00e9 uma cidade que realmente abre o cora\u00e7\u00e3o para os estrangeiros. Chegamos com muitas esperan\u00e7as de poder colocar todos nossos esfor\u00e7os para ter estabilidade aqui neste novo pa\u00eds\u201d.<\/p>\n\n\n\n<p>Al\u00e9m de buscar aprender a l\u00edngua portuguesa, a venezuelana tamb\u00e9m buscou cursos para se aperfei\u00e7oar profissionalmente e foi ent\u00e3o que descobriu os cursos da TVTEC. A jovem fez um total de tr\u00eas cursos. \u201cAmei os tr\u00eas professores, suas din\u00e2micas para ensinar e o apoio com todas as d\u00favidas. Eu recomendo\u201d, diz.<\/p>\n\n\n\n<p>Agora o plano de Stefany \u00e9 encontrar uma oportunidade na \u00e1rea administrativa e tentar voltar \u00e0 normalidade. \u201cMeu plano profissional \u00e9 encontrar emprego, tanto na minha \u00e1rea administrativa e com as demais forma\u00e7\u00f5es que adquiri l\u00e1 na Venezuela, que me ajude a me estabilizar a voltar \u00e0 normalidade, depois de enfrentar os desafios econ\u00f4micos que deixou a pandemia\u201d.<\/p>\n\n\n\n<p><em>(Texto: TVTEC\/Imagem: Divulga\u00e7\u00e3o)<\/em><\/p>\n","protected":false},"excerpt":{"rendered":"<p>Stefany se mudou para a cidade com marido e filho \u00e0 procura de oportunidade de emprego<\/p>\n","protected":false},"author":28,"featured_media":78750,"comment_status":"closed","ping_status":"closed","sticky":false,"template":"","format":"standard","meta":{"footnotes":""},"categories":[8356,1],"tags":[],"class_list":["post-78716","post","type-post","status-publish","format-standard","has-post-thumbnail","hentry","category-jundiai","category-noticias"],"_links":{"self":[{"href":"https:\/\/tvtecjundiai.com.br\/news\/wp-json\/wp\/v2\/posts\/78716","targetHints":{"allow":["GET"]}}],"collection":[{"href":"https:\/\/tvtecjundiai.com.br\/news\/wp-json\/wp\/v2\/posts"}],"about":[{"href":"https:\/\/tvtecjundiai.com.br\/news\/wp-json\/wp\/v2\/types\/post"}],"author":[{"embeddable":true,"href":"https:\/\/tvtecjundiai.com.br\/news\/wp-json\/wp\/v2\/users\/28"}],"replies":[{"embeddable":true,"href":"https:\/\/tvtecjundiai.com.br\/news\/wp-json\/wp\/v2\/comments?post=78716"}],"version-history":[{"count":1,"href":"https:\/\/tvtecjundiai.com.br\/news\/wp-json\/wp\/v2\/posts\/78716\/revisions"}],"predecessor-version":[{"id":78718,"href":"https:\/\/tvtecjundiai.com.br\/news\/wp-json\/wp\/v2\/posts\/78716\/revisions\/78718"}],"wp:featuredmedia":[{"embeddable":true,"href":"https:\/\/tvtecjundiai.com.br\/news\/wp-json\/wp\/v2\/media\/78750"}],"wp:attachment":[{"href":"https:\/\/tvtecjundiai.com.br\/news\/wp-json\/wp\/v2\/media?parent=78716"}],"wp:term":[{"taxonomy":"category","embeddable":true,"href":"https:\/\/tvtecjundiai.com.br\/news\/wp-json\/wp\/v2\/categories?post=78716"},{"taxonomy":"post_tag","embeddable":true,"href":"https:\/\/tvtecjundiai.com.br\/news\/wp-json\/wp\/v2\/tags?post=78716"}],"curies":[{"name":"wp","href":"https:\/\/api.w.org\/{rel}","templated":true}]}}