{"id":78719,"date":"2021-07-05T18:31:45","date_gmt":"2021-07-05T21:31:45","guid":{"rendered":"https:\/\/tvtecjundiai.com.br\/news\/?p=78719"},"modified":"2021-07-05T18:31:50","modified_gmt":"2021-07-05T21:31:50","slug":"com-reducao-nas-internacoes-jundiai-adequa-leitos-publicos-exclusivos-covid-19","status":"publish","type":"post","link":"https:\/\/tvtecjundiai.com.br\/news\/2021\/07\/05\/com-reducao-nas-internacoes-jundiai-adequa-leitos-publicos-exclusivos-covid-19\/","title":{"rendered":"Com redu\u00e7\u00e3o nas interna\u00e7\u00f5es, Jundia\u00ed adequa leitos p\u00fablicos exclusivos COVID-19"},"content":{"rendered":"\n<p>Nas \u00faltimas tr\u00eas semanas, Jundia\u00ed permanece com 1,2 mil registros positivos para COVID-19 entre os servi\u00e7os de atendimento espec\u00edficos para os casos de Novo Coronav\u00edrus. O n\u00famero tamb\u00e9m \u00e9 positivo no munic\u00edpio em rela\u00e7\u00e3o \u00e0 necessidade de leitos, que teve queda de 14% no n\u00famero de interna\u00e7\u00f5es na cidade. Com os dados do cen\u00e1rio epidemiol\u00f3gico, o Hospital S\u00e3o Vicente de Paulo (HSV) readequou o n\u00famero de leitos exclusivos para o atendimento aos casos espec\u00edficos da pandemia. A partir desta segunda-feira (5), Jundia\u00ed passa a contar com 82 leitos em Unidade de Terapia Intensiva e 82 leitos de enfermaria, ambos p\u00fablicos exclusivos para o atendimento COVID-19.<\/p>\n\n\n\n<p>\u201cAp\u00f3s avalia\u00e7\u00f5es de t\u00e9cnicos do Comit\u00ea de Enfrentamento ao Coronav\u00edrus (CEC), o n\u00famero de leitos p\u00fablicos exclusivos pode ser reduzido. No entanto, n\u00e3o \u00e9 momento de baixar a guarda. Temos de manter todos os cuidados sanit\u00e1rios para conter a circula\u00e7\u00e3o do v\u00edrus\u201d, explica o Prefeito Luiz Fernando Machado.<\/p>\n\n\n\n<figure class=\"wp-block-image size-large\"><img loading=\"lazy\" decoding=\"async\" width=\"1200\" height=\"800\" src=\"https:\/\/tvtecjundiai.com.br\/news\/wp-content\/uploads\/sites\/2\/2021\/07\/fachada_sao_vicente-2-1200x800.jpg\" alt=\"\" class=\"wp-image-78720\" srcset=\"https:\/\/tvtecjundiai.com.br\/news\/wp-content\/uploads\/sites\/2\/2021\/07\/fachada_sao_vicente-2-1200x800.jpg 1200w, https:\/\/tvtecjundiai.com.br\/news\/wp-content\/uploads\/sites\/2\/2021\/07\/fachada_sao_vicente-2-300x200.jpg 300w, https:\/\/tvtecjundiai.com.br\/news\/wp-content\/uploads\/sites\/2\/2021\/07\/fachada_sao_vicente-2-768x512.jpg 768w, https:\/\/tvtecjundiai.com.br\/news\/wp-content\/uploads\/sites\/2\/2021\/07\/fachada_sao_vicente-2.jpg 1280w\" sizes=\"auto, (max-width: 1200px) 100vw, 1200px\" \/><\/figure>\n\n\n\n<p>De acordo com dados da Prefeitura de Jundia\u00ed, nas \u00faltimas semanas, a m\u00e9dia de pessoas ocupando leitos com COVID-19 \u00e9 de 297 pessoas, n\u00famero superior ao registrado no pior momento da pandemia no ano passado, quando 235 pessoas estavam internadas com a doen\u00e7a. \u201cTivemos queda nas interna\u00e7\u00f5es em 14% na cidade, na compara\u00e7\u00e3o com as semanas anteriores. Apesar de positivo, exige a colabora\u00e7\u00e3o de todos para avan\u00e7ar com a vacina\u00e7\u00e3o, sem sele\u00e7\u00e3o de fabricante, al\u00e9m de manter as medidas de preven\u00e7\u00e3o com o uso de m\u00e1scara, higieniza\u00e7\u00e3o frequente das m\u00e3os e distanciamento social\u201d, ressalta.<\/p>\n\n\n\n<p>Jundia\u00ed mant\u00e9m a oferta de atendimento exclusivo p\u00fablico para interna\u00e7\u00e3o o HSV e os leitos da Unidade de Pronto Atendimento (UPA) Vetor Oeste. Ao todo, s\u00e3o 82 leitos de UTI e 82 de enfermaria, sendo que, desses, 14 est\u00e3o na UPA.<\/p>\n\n\n\n<p><em>(Texto\/Imagem: Prefeitura de Jundia\u00ed)<\/em><\/p>\n","protected":false},"excerpt":{"rendered":"<p>A partir desta segunda-feira (5), Jundia\u00ed passa a contar com 82 leitos em UTI e 82 leitos de enfermaria<\/p>\n","protected":false},"author":28,"featured_media":78720,"comment_status":"closed","ping_status":"closed","sticky":false,"template":"","format":"standard","meta":{"footnotes":""},"categories":[8356,1],"tags":[],"class_list":["post-78719","post","type-post","status-publish","format-standard","has-post-thumbnail","hentry","category-jundiai","category-noticias"],"_links":{"self":[{"href":"https:\/\/tvtecjundiai.com.br\/news\/wp-json\/wp\/v2\/posts\/78719","targetHints":{"allow":["GET"]}}],"collection":[{"href":"https:\/\/tvtecjundiai.com.br\/news\/wp-json\/wp\/v2\/posts"}],"about":[{"href":"https:\/\/tvtecjundiai.com.br\/news\/wp-json\/wp\/v2\/types\/post"}],"author":[{"embeddable":true,"href":"https:\/\/tvtecjundiai.com.br\/news\/wp-json\/wp\/v2\/users\/28"}],"replies":[{"embeddable":true,"href":"https:\/\/tvtecjundiai.com.br\/news\/wp-json\/wp\/v2\/comments?post=78719"}],"version-history":[{"count":1,"href":"https:\/\/tvtecjundiai.com.br\/news\/wp-json\/wp\/v2\/posts\/78719\/revisions"}],"predecessor-version":[{"id":78721,"href":"https:\/\/tvtecjundiai.com.br\/news\/wp-json\/wp\/v2\/posts\/78719\/revisions\/78721"}],"wp:featuredmedia":[{"embeddable":true,"href":"https:\/\/tvtecjundiai.com.br\/news\/wp-json\/wp\/v2\/media\/78720"}],"wp:attachment":[{"href":"https:\/\/tvtecjundiai.com.br\/news\/wp-json\/wp\/v2\/media?parent=78719"}],"wp:term":[{"taxonomy":"category","embeddable":true,"href":"https:\/\/tvtecjundiai.com.br\/news\/wp-json\/wp\/v2\/categories?post=78719"},{"taxonomy":"post_tag","embeddable":true,"href":"https:\/\/tvtecjundiai.com.br\/news\/wp-json\/wp\/v2\/tags?post=78719"}],"curies":[{"name":"wp","href":"https:\/\/api.w.org\/{rel}","templated":true}]}}