{"id":78747,"date":"2021-07-06T13:28:41","date_gmt":"2021-07-06T16:28:41","guid":{"rendered":"https:\/\/tvtecjundiai.com.br\/news\/?p=78747"},"modified":"2021-07-06T13:28:48","modified_gmt":"2021-07-06T16:28:48","slug":"covid-19-quais-sao-os-sintomas-mais-comuns-da-variante-delta-do-coronavirus","status":"publish","type":"post","link":"https:\/\/tvtecjundiai.com.br\/news\/2021\/07\/06\/covid-19-quais-sao-os-sintomas-mais-comuns-da-variante-delta-do-coronavirus\/","title":{"rendered":"COVID-19: quais s\u00e3o os sintomas mais comuns da variante delta do Coronav\u00edrus"},"content":{"rendered":"\n<p>A variante delta do Coronav\u00edrus \u00e9 um dos principais motivos do agravamento recente da pandemia de COVID-19 em pa\u00edses onde a vacina\u00e7\u00e3o est\u00e1 avan\u00e7ando bastante. A OMS acredita que a variante \u2014 que \u00e9 muito mais transmiss\u00edvel que as outras muta\u00e7\u00f5es do coronav\u00edrus j\u00e1 identificadas \u2014 tem potencial para se tornar a dominante no mundo nos pr\u00f3ximos meses.<\/p>\n\n\n\n<p>No Brasil, a variante foi identificada h\u00e1 cerca de um m\u00eas e j\u00e1 provocou pelo menos duas mortes (de viajantes que chegaram no Maranh\u00e3o e no Paran\u00e1). Na segunda-feira (05), a cidade de S\u00e3o Paulo registrou o primeiro caso da variante delta, em um homem de 45 anos.<\/p>\n\n\n\n<p>A delta gerou uma segunda onda mortal de infec\u00e7\u00f5es na \u00cdndia neste ano e tamb\u00e9m se tornou a variante dominante no Reino Unido \u2014 onde 90% dos casos atuais s\u00e3o desta nova cepa. Foi identificada em mais de 90 pa\u00edses ao redor do mundo, com surtos confirmados nos Estados Unidos, China, \u00c1frica e \u00c1sia.<\/p>\n\n\n\n<figure class=\"wp-block-image size-large\"><img loading=\"lazy\" decoding=\"async\" width=\"1200\" height=\"628\" src=\"https:\/\/tvtecjundiai.com.br\/news\/wp-content\/uploads\/sites\/2\/2021\/07\/virus-4931041_1280-1200x628.jpg\" alt=\"\" class=\"wp-image-78748\" srcset=\"https:\/\/tvtecjundiai.com.br\/news\/wp-content\/uploads\/sites\/2\/2021\/07\/virus-4931041_1280-1200x628.jpg 1200w, https:\/\/tvtecjundiai.com.br\/news\/wp-content\/uploads\/sites\/2\/2021\/07\/virus-4931041_1280-300x157.jpg 300w, https:\/\/tvtecjundiai.com.br\/news\/wp-content\/uploads\/sites\/2\/2021\/07\/virus-4931041_1280-768x402.jpg 768w, https:\/\/tvtecjundiai.com.br\/news\/wp-content\/uploads\/sites\/2\/2021\/07\/virus-4931041_1280.jpg 1280w\" sizes=\"auto, (max-width: 1200px) 100vw, 1200px\" \/><\/figure>\n\n\n\n<p><strong>Sintomas<\/strong><br>Acredita-se que assim como houve muta\u00e7\u00f5es do Coronav\u00edrus, dando surgimento a variantes como a delta, tamb\u00e9m houve uma evolu\u00e7\u00e3o nos sintomas da COVID-19 provocadas por essas novas cepas.<\/p>\n\n\n\n<p>O professor Tim Spector, que dirige o estudo Zoe Covid Symptom, no Reino Unido, diz que o sintoma mais comum da COVID-19 por variante delta s\u00e3o as dores de cabe\u00e7a. Em seguida, os sintomas mais comuns da variante delta s\u00e3o: dor de garganta, coriza (nariz escorrendo) e febre.<\/p>\n\n\n\n<p>Alguns sintomas que eram muito pronunciados na vers\u00e3o original do coronav\u00edrus s\u00e3o menos comuns na variante delta. Com a delta, n\u00e3o h\u00e1 tantas ocorr\u00eancias de tosse ou de perda de paladar e olfato. Uma das preocupa\u00e7\u00f5es das autoridades de sa\u00fade \u00e9 que os novos sintomas da variante delta s\u00e3o muito semelhantes ao de um resfriado comum. Por conta disso, muitas pessoas sequer percebem que est\u00e3o com COVID da variante delta, e acreditam estar meramente resfriadas, sem tomar medidas preventivas para impedir o cont\u00e1gio de outras.<\/p>\n\n\n\n<p>&#8220;As pessoas podem pensar que acabaram de pegar algum tipo de resfriado sazonal e ainda irem a festas. Elas podem espalhar o v\u00edrus para outras seis pessoas. Achamos que isso est\u00e1 alimentando grande parte do problema&#8221;, afirma Spector.<\/p>\n\n\n\n<p>Muitos dos sites das autoridades p\u00fablicas de sa\u00fade ainda n\u00e3o foram atualizados para os novos sintomas da variante delta. As autoridades dizem que pessoas com duas doses de vacinas contra o Coronav\u00edrus t\u00eam menos chances de serem hospitalizadas com a variante delta. Um dos ind\u00edcios apontados pelo governo do Reino Unido \u00e9 que houve mais hospitaliza\u00e7\u00f5es de jovens adultos por variante delta \u2014 justamente a parcela da popula\u00e7\u00e3o que menos recebeu a segunda dose da vacina.<\/p>\n\n\n\n<p><strong>No que ficar de olho<\/strong><br>Da mesma forma, o estudo React, do Imperial College, de Londres, que contou com mais de 1 milh\u00e3o de participantes na Inglaterra, apontou que, quando a variante alfa era dominante, havia uma ampla gama de sintomas adicionais ligados \u00e0 COVID-19.<\/p>\n\n\n\n<p>Calafrios, perda de apetite, dor de cabe\u00e7a e dores musculares foram os problemas mais associados \u00e0 infec\u00e7\u00e3o, ao lado dos sintomas cl\u00e1ssicos. O conselho do governo diz que os sinais mais importantes da COVID-19 s\u00e3o:<\/p>\n\n\n\n<ul class=\"wp-block-list\"><li>tosse cont\u00ednua;<\/li><li>temperatura alta;<\/li><li>perda ou altera\u00e7\u00e3o do olfato ou paladar.<\/li><\/ul>\n\n\n\n<p>&#8220;Existem v\u00e1rios outros sintomas associados \u00e0 COVID-19&#8221;, diz o documento. &#8220;Esses outros sintomas podem ter outra causa e n\u00e3o s\u00e3o, por si s\u00f3, um motivo para fazer um teste. Mas se voc\u00ea estiver preocupado com seus sintomas, procure orienta\u00e7\u00e3o m\u00e9dica&#8221;, diz a entidade.<\/p>\n\n\n\n<p><em>(Texto\/Imagem: G1)<\/em><\/p>\n","protected":false},"excerpt":{"rendered":"<p>Os novos sintomas da variante delta s\u00e3o muito semelhantes ao de um resfriado comum<\/p>\n","protected":false},"author":28,"featured_media":78748,"comment_status":"closed","ping_status":"closed","sticky":false,"template":"","format":"standard","meta":{"footnotes":""},"categories":[8356,1],"tags":[],"class_list":["post-78747","post","type-post","status-publish","format-standard","has-post-thumbnail","hentry","category-jundiai","category-noticias"],"_links":{"self":[{"href":"https:\/\/tvtecjundiai.com.br\/news\/wp-json\/wp\/v2\/posts\/78747","targetHints":{"allow":["GET"]}}],"collection":[{"href":"https:\/\/tvtecjundiai.com.br\/news\/wp-json\/wp\/v2\/posts"}],"about":[{"href":"https:\/\/tvtecjundiai.com.br\/news\/wp-json\/wp\/v2\/types\/post"}],"author":[{"embeddable":true,"href":"https:\/\/tvtecjundiai.com.br\/news\/wp-json\/wp\/v2\/users\/28"}],"replies":[{"embeddable":true,"href":"https:\/\/tvtecjundiai.com.br\/news\/wp-json\/wp\/v2\/comments?post=78747"}],"version-history":[{"count":1,"href":"https:\/\/tvtecjundiai.com.br\/news\/wp-json\/wp\/v2\/posts\/78747\/revisions"}],"predecessor-version":[{"id":78749,"href":"https:\/\/tvtecjundiai.com.br\/news\/wp-json\/wp\/v2\/posts\/78747\/revisions\/78749"}],"wp:featuredmedia":[{"embeddable":true,"href":"https:\/\/tvtecjundiai.com.br\/news\/wp-json\/wp\/v2\/media\/78748"}],"wp:attachment":[{"href":"https:\/\/tvtecjundiai.com.br\/news\/wp-json\/wp\/v2\/media?parent=78747"}],"wp:term":[{"taxonomy":"category","embeddable":true,"href":"https:\/\/tvtecjundiai.com.br\/news\/wp-json\/wp\/v2\/categories?post=78747"},{"taxonomy":"post_tag","embeddable":true,"href":"https:\/\/tvtecjundiai.com.br\/news\/wp-json\/wp\/v2\/tags?post=78747"}],"curies":[{"name":"wp","href":"https:\/\/api.w.org\/{rel}","templated":true}]}}