{"id":78872,"date":"2021-07-08T13:05:28","date_gmt":"2021-07-08T16:05:28","guid":{"rendered":"https:\/\/tvtecjundiai.com.br\/news\/?p=78872"},"modified":"2021-07-08T13:05:35","modified_gmt":"2021-07-08T16:05:35","slug":"feriado-em-jundiai-sera-de-sol-durante-o-dia-e-clima-mais-gelado-a-noite","status":"publish","type":"post","link":"https:\/\/tvtecjundiai.com.br\/news\/2021\/07\/08\/feriado-em-jundiai-sera-de-sol-durante-o-dia-e-clima-mais-gelado-a-noite\/","title":{"rendered":"Feriado em Jundia\u00ed ser\u00e1 de Sol durante o dia e clima mais gelado \u00e0 noite"},"content":{"rendered":"\n<p>Segundo o site do Climatempo, a previs\u00e3o para o feriado de 9 de julho e o final de semana em Jundia\u00ed ser\u00e1 de muito Sol durante o dia e o t\u00edpico clima gelado de inverno \u00e0 noite. N\u00e3o h\u00e1 previs\u00e3o de chuva.<\/p>\n\n\n\n<p>Para esta sexta-feira (09), o dia promete ser de c\u00e9u aberto e muito Sol. A m\u00e1xima prevista ser\u00e1 de 24\u00ba e a m\u00ednima deve chegar aos 10\u00ba.<\/p>\n\n\n\n<figure class=\"wp-block-image size-large\"><img loading=\"lazy\" decoding=\"async\" width=\"1200\" height=\"797\" src=\"https:\/\/tvtecjundiai.com.br\/news\/wp-content\/uploads\/sites\/2\/2021\/07\/39584977445_3449497bba_k-1-1200x797.jpg\" alt=\"\" class=\"wp-image-78874\" srcset=\"https:\/\/tvtecjundiai.com.br\/news\/wp-content\/uploads\/sites\/2\/2021\/07\/39584977445_3449497bba_k-1-1200x797.jpg 1200w, https:\/\/tvtecjundiai.com.br\/news\/wp-content\/uploads\/sites\/2\/2021\/07\/39584977445_3449497bba_k-1-300x199.jpg 300w, https:\/\/tvtecjundiai.com.br\/news\/wp-content\/uploads\/sites\/2\/2021\/07\/39584977445_3449497bba_k-1-768x510.jpg 768w, https:\/\/tvtecjundiai.com.br\/news\/wp-content\/uploads\/sites\/2\/2021\/07\/39584977445_3449497bba_k-1.jpg 1280w\" sizes=\"auto, (max-width: 1200px) 100vw, 1200px\" \/><figcaption>Parque do Engordadouro em Jundia\u00ed<\/figcaption><\/figure>\n\n\n\n<p>O mesmo cen\u00e1rio se repete para o final de semana. No s\u00e1bado (10), a temperatura sobe exatamente 1\u00ba, com a m\u00e1xima chegando aos 25\u00ba e a m\u00ednima aos 11\u00ba. No domingo, o term\u00f4metro sobe mais um pouquinho, com a m\u00e1xima atingindo os 26\u00ba e a m\u00ednima, os 12\u00ba. N\u00e3o h\u00e1 previs\u00e3o de chuva para o final de semana.<\/p>\n\n\n\n<p><em>(Texto\/Imagem: TVTEC)<\/em><em><\/em><\/p>\n","protected":false},"excerpt":{"rendered":"<p>Final de semana tamb\u00e9m segue com a mesma previs\u00e3o, segundo o Climatempo<\/p>\n","protected":false},"author":28,"featured_media":78873,"comment_status":"closed","ping_status":"closed","sticky":false,"template":"","format":"standard","meta":{"footnotes":""},"categories":[8356,1],"tags":[],"class_list":["post-78872","post","type-post","status-publish","format-standard","has-post-thumbnail","hentry","category-jundiai","category-noticias"],"_links":{"self":[{"href":"https:\/\/tvtecjundiai.com.br\/news\/wp-json\/wp\/v2\/posts\/78872","targetHints":{"allow":["GET"]}}],"collection":[{"href":"https:\/\/tvtecjundiai.com.br\/news\/wp-json\/wp\/v2\/posts"}],"about":[{"href":"https:\/\/tvtecjundiai.com.br\/news\/wp-json\/wp\/v2\/types\/post"}],"author":[{"embeddable":true,"href":"https:\/\/tvtecjundiai.com.br\/news\/wp-json\/wp\/v2\/users\/28"}],"replies":[{"embeddable":true,"href":"https:\/\/tvtecjundiai.com.br\/news\/wp-json\/wp\/v2\/comments?post=78872"}],"version-history":[{"count":1,"href":"https:\/\/tvtecjundiai.com.br\/news\/wp-json\/wp\/v2\/posts\/78872\/revisions"}],"predecessor-version":[{"id":78875,"href":"https:\/\/tvtecjundiai.com.br\/news\/wp-json\/wp\/v2\/posts\/78872\/revisions\/78875"}],"wp:featuredmedia":[{"embeddable":true,"href":"https:\/\/tvtecjundiai.com.br\/news\/wp-json\/wp\/v2\/media\/78873"}],"wp:attachment":[{"href":"https:\/\/tvtecjundiai.com.br\/news\/wp-json\/wp\/v2\/media?parent=78872"}],"wp:term":[{"taxonomy":"category","embeddable":true,"href":"https:\/\/tvtecjundiai.com.br\/news\/wp-json\/wp\/v2\/categories?post=78872"},{"taxonomy":"post_tag","embeddable":true,"href":"https:\/\/tvtecjundiai.com.br\/news\/wp-json\/wp\/v2\/tags?post=78872"}],"curies":[{"name":"wp","href":"https:\/\/api.w.org\/{rel}","templated":true}]}}