{"id":78876,"date":"2021-07-09T13:33:00","date_gmt":"2021-07-09T16:33:00","guid":{"rendered":"https:\/\/tvtecjundiai.com.br\/news\/?p=78876"},"modified":"2021-07-08T13:54:50","modified_gmt":"2021-07-08T16:54:50","slug":"9-de-julho-voce-sabe-o-que-foi-a-revolucao-constitucionalista-de-1932","status":"publish","type":"post","link":"https:\/\/tvtecjundiai.com.br\/news\/2021\/07\/09\/9-de-julho-voce-sabe-o-que-foi-a-revolucao-constitucionalista-de-1932\/","title":{"rendered":"9 de Julho: voc\u00ea sabe o que foi a Revolu\u00e7\u00e3o Constitucionalista de 1932?"},"content":{"rendered":"\n<p>Neste 9 de julho, feriado no Estado de S\u00e3o Paulo, comemora-se o Dia da Revolu\u00e7\u00e3o Constitucionalista. Mas voc\u00ea sabe o que significa esta data?<\/p>\n\n\n\n<p>A data, que tamb\u00e9m \u00e9 conhecida como Dia da Revolu\u00e7\u00e3o e do Soldado Constitucionalista, \u00e9 uma homenagem ao movimento contra a ditadura de Get\u00falio Vargas, realizado em 1932 pelos paulistas.<\/p>\n\n\n\n<p>Acontece que em 1930, Get\u00falio Vargas tomou o poder durante a revolu\u00e7\u00e3o \u2013 ato que foi apoiado pelos paulistas e outros estados. No entanto, Vargas permanecia no poder sem convocar novas elei\u00e7\u00f5es para a nova Assembleia Constituinte.<\/p>\n\n\n\n<div class=\"wp-block-image\"><figure class=\"aligncenter size-large\"><img loading=\"lazy\" decoding=\"async\" width=\"640\" height=\"426\" src=\"https:\/\/tvtecjundiai.com.br\/news\/wp-content\/uploads\/sites\/2\/2021\/07\/revolucao-constitucionalista-de-1932.jpg\" alt=\"\" class=\"wp-image-78877\" srcset=\"https:\/\/tvtecjundiai.com.br\/news\/wp-content\/uploads\/sites\/2\/2021\/07\/revolucao-constitucionalista-de-1932.jpg 640w, https:\/\/tvtecjundiai.com.br\/news\/wp-content\/uploads\/sites\/2\/2021\/07\/revolucao-constitucionalista-de-1932-300x200.jpg 300w\" sizes=\"auto, (max-width: 640px) 100vw, 640px\" \/><figcaption>Exemplo de cartaz usado para convocar os jovens para irem \u00e0 luta<\/figcaption><\/figure><\/div>\n\n\n\n<p>No dia 23 de maio de 1932, quatro estudantes paulistas foram mortos por policiais, o que seria o grande estopim e que causaria a revolta popular no Estado de S\u00e3o Paulo. As iniciais dos nomes dos jovens, Martins, Miragaia, Dr\u00e1usio e Camargo \u2013 M.M.D.C. \u2013 se tornariam s\u00edmbolo da revolu\u00e7\u00e3o que batizou o movimento.<\/p>\n\n\n\n<p>A revolu\u00e7\u00e3o se iniciou no dia 9 de julho de 1932, onde a exig\u00eancia era uma Nova Constitui\u00e7\u00e3o. O combate contra o governo nacional durou tr\u00eas meses, chegando ao fim em outubro de 1932, com a rendi\u00e7\u00e3o dos paulistas.<\/p>\n\n\n\n<p>O dia 23 de maio, data em que os estudantes foram mortos, tamb\u00e9m \u00e9 reconhecido como o Dia da Juventude Constitucionalista.<\/p>\n\n\n\n<p><em>(Texto\/Imagem: TVTEC)<\/em><\/p>\n","protected":false},"excerpt":{"rendered":"<p>Conhecida por ser feriado no Estado de SP, a data marca uma importante passagem hist\u00f3rica para os paulistas <\/p>\n","protected":false},"author":28,"featured_media":78877,"comment_status":"closed","ping_status":"closed","sticky":false,"template":"","format":"standard","meta":{"footnotes":""},"categories":[8356,1],"tags":[],"class_list":["post-78876","post","type-post","status-publish","format-standard","has-post-thumbnail","hentry","category-jundiai","category-noticias"],"_links":{"self":[{"href":"https:\/\/tvtecjundiai.com.br\/news\/wp-json\/wp\/v2\/posts\/78876","targetHints":{"allow":["GET"]}}],"collection":[{"href":"https:\/\/tvtecjundiai.com.br\/news\/wp-json\/wp\/v2\/posts"}],"about":[{"href":"https:\/\/tvtecjundiai.com.br\/news\/wp-json\/wp\/v2\/types\/post"}],"author":[{"embeddable":true,"href":"https:\/\/tvtecjundiai.com.br\/news\/wp-json\/wp\/v2\/users\/28"}],"replies":[{"embeddable":true,"href":"https:\/\/tvtecjundiai.com.br\/news\/wp-json\/wp\/v2\/comments?post=78876"}],"version-history":[{"count":1,"href":"https:\/\/tvtecjundiai.com.br\/news\/wp-json\/wp\/v2\/posts\/78876\/revisions"}],"predecessor-version":[{"id":78878,"href":"https:\/\/tvtecjundiai.com.br\/news\/wp-json\/wp\/v2\/posts\/78876\/revisions\/78878"}],"wp:featuredmedia":[{"embeddable":true,"href":"https:\/\/tvtecjundiai.com.br\/news\/wp-json\/wp\/v2\/media\/78877"}],"wp:attachment":[{"href":"https:\/\/tvtecjundiai.com.br\/news\/wp-json\/wp\/v2\/media?parent=78876"}],"wp:term":[{"taxonomy":"category","embeddable":true,"href":"https:\/\/tvtecjundiai.com.br\/news\/wp-json\/wp\/v2\/categories?post=78876"},{"taxonomy":"post_tag","embeddable":true,"href":"https:\/\/tvtecjundiai.com.br\/news\/wp-json\/wp\/v2\/tags?post=78876"}],"curies":[{"name":"wp","href":"https:\/\/api.w.org\/{rel}","templated":true}]}}