{"id":78879,"date":"2021-07-08T13:42:10","date_gmt":"2021-07-08T16:42:10","guid":{"rendered":"https:\/\/tvtecjundiai.com.br\/news\/?p=78879"},"modified":"2021-07-08T16:02:42","modified_gmt":"2021-07-08T19:02:42","slug":"prefeitura-de-jundiai-e-tvtec-abrem-na-terca-feira-13-130-vagas-para-cursos","status":"publish","type":"post","link":"https:\/\/tvtecjundiai.com.br\/news\/2021\/07\/08\/prefeitura-de-jundiai-e-tvtec-abrem-na-terca-feira-13-130-vagas-para-cursos\/","title":{"rendered":"Prefeitura de Jundia\u00ed e TVTEC abrem, na ter\u00e7a-feira (13), 150 vagas para cursos"},"content":{"rendered":"\n<p>A Prefeitura de Jundia\u00ed, em parceria com a TVTEC, abre inscri\u00e7\u00f5es na pr\u00f3xima ter\u00e7a-feira (13), para mais 150 vagas em cursos online e gratuitos. As inscri\u00e7\u00f5es acontecem a partir das 10h, de maneira online pelo site da TVTEC.<\/p>\n\n\n\n<p>Para este primeiro lote do m\u00eas de julho, as op\u00e7\u00f5es de curso s\u00e3o: Podcast, Orat\u00f3ria e Planejamento para m\u00eddias sociais, Fotografia para Im\u00f3veis e Cria\u00e7\u00e3o de Post para Redes Sociais no Canva.<\/p>\n\n\n\n<p>Para se inscrever, basta acessar o link <a href=\"https:\/\/bit.ly\/3xvDVOn\">https:\/\/bit.ly\/3xvDVOn<\/a><\/p>\n\n\n\n<figure class=\"wp-block-image size-large\"><img loading=\"lazy\" decoding=\"async\" width=\"1200\" height=\"674\" src=\"https:\/\/tvtecjundiai.com.br\/news\/wp-content\/uploads\/sites\/2\/2021\/07\/photo5130100769217947969-1200x674.jpg\" alt=\"\" class=\"wp-image-78880\" srcset=\"https:\/\/tvtecjundiai.com.br\/news\/wp-content\/uploads\/sites\/2\/2021\/07\/photo5130100769217947969-1200x674.jpg 1200w, https:\/\/tvtecjundiai.com.br\/news\/wp-content\/uploads\/sites\/2\/2021\/07\/photo5130100769217947969-300x169.jpg 300w, https:\/\/tvtecjundiai.com.br\/news\/wp-content\/uploads\/sites\/2\/2021\/07\/photo5130100769217947969-768x431.jpg 768w, https:\/\/tvtecjundiai.com.br\/news\/wp-content\/uploads\/sites\/2\/2021\/07\/photo5130100769217947969.jpg 1280w\" sizes=\"auto, (max-width: 1200px) 100vw, 1200px\" \/><figcaption>Entre os cursos oferecidos neste primeiro lote est\u00e1 o de Fotografia <\/figcaption><\/figure>\n\n\n\n<p><strong>LOTE 1<\/strong><\/p>\n\n\n\n<p><strong>Inscri\u00e7\u00e3o: 13\/07 &#8211; 10h<\/strong><\/p>\n\n\n\n<p><strong>PODCAST &#8211;\u00a0ALZIMAR RAMALHO<\/strong><\/p>\n\n\n\n<p>Dias: 19, 21, 26 e 28\/07<\/p>\n\n\n\n<p>Das 9h \u00e0s 12h<\/p>\n\n\n\n<p>20 vagas &#8211; Carga: 12h<\/p>\n\n\n\n<p>Saiba mais: <a href=\"https:\/\/bit.ly\/36kWPf5\">https:\/\/bit.ly\/36kWPf5<\/a><\/p>\n\n\n\n<p><strong>ORAT\u00d3RIA &#8211; COMUNICA\u00c7\u00c3O ASSERTIVA E N\u00c3O VIOLENTA &#8211;&nbsp;KARINA PACHIEGA<\/strong><\/p>\n\n\n\n<p>Dias: 20 e 22\/07<\/p>\n\n\n\n<p>Das: 9h \u00e0s 12h<\/p>\n\n\n\n<p>50 vagas &#8211; Carga: 6h<\/p>\n\n\n\n<p>Saiba mais: <a href=\"https:\/\/bit.ly\/3ws2Kcw\">https:\/\/bit.ly\/3ws2Kcw<\/a><\/p>\n\n\n\n<p><strong>PLANEJAMENTO PARA M\u00cdDIAS SOCIAIS<\/strong><\/p>\n\n\n\n<p><strong>FL\u00c1VIA CURADO<\/strong><\/p>\n\n\n\n<p>Dias: 21 e 22\/07<\/p>\n\n\n\n<p>Das: 14h \u00e0s 16h<\/p>\n\n\n\n<p>30 vagas &#8211; Carga: 4h<\/p>\n\n\n\n<p>Saiba mais: <a href=\"https:\/\/bit.ly\/3uygguB\">https:\/\/bit.ly\/3uygguB<\/a><\/p>\n\n\n\n<p><strong>FOTOGRAFIA PARA IM\u00d3VEIS &#8211; EVERTON ROSSINI<\/strong><\/p>\n\n\n\n<p>Dia: 21\/07<\/p>\n\n\n\n<p>Das: 19h \u00e0s 22h<\/p>\n\n\n\n<p>30 vagas &#8211; Carga: 3h<\/p>\n\n\n\n<p>Saiba mais: <a href=\"https:\/\/bit.ly\/36nQdwo\">https:\/\/bit.ly\/36nQdwo<\/a><\/p>\n\n\n\n<p><strong>CRIA\u00c7\u00c3O DE POST PARA REDES SOCIAIS NO CANVA &#8211;&nbsp;FABIANA PINCINATO<\/strong><\/p>\n\n\n\n<p>Dias: 20 e 22\/07<\/p>\n\n\n\n<p>Das: 19h \u00e0s 22h<\/p>\n\n\n\n<p>20 vagas &#8211; Carga: 6h<\/p>\n\n\n\n<p>Saiba mais: <a href=\"https:\/\/bit.ly\/criacaopostredessociais\">https:\/\/bit.ly\/criacaopostredessociais<\/a><\/p>\n\n\n\n<p><em>(Texto\/Imagem: TVTEC)<\/em><\/p>\n","protected":false},"excerpt":{"rendered":"<p>Inscri\u00e7\u00f5es para os cursos, que s\u00e3o online e gratuitos, acontecem a partir das 10h na pr\u00f3xima ter\u00e7a-feira (13)<\/p>\n","protected":false},"author":28,"featured_media":78880,"comment_status":"closed","ping_status":"closed","sticky":false,"template":"","format":"standard","meta":{"footnotes":""},"categories":[8356,1],"tags":[],"class_list":["post-78879","post","type-post","status-publish","format-standard","has-post-thumbnail","hentry","category-jundiai","category-noticias"],"_links":{"self":[{"href":"https:\/\/tvtecjundiai.com.br\/news\/wp-json\/wp\/v2\/posts\/78879","targetHints":{"allow":["GET"]}}],"collection":[{"href":"https:\/\/tvtecjundiai.com.br\/news\/wp-json\/wp\/v2\/posts"}],"about":[{"href":"https:\/\/tvtecjundiai.com.br\/news\/wp-json\/wp\/v2\/types\/post"}],"author":[{"embeddable":true,"href":"https:\/\/tvtecjundiai.com.br\/news\/wp-json\/wp\/v2\/users\/28"}],"replies":[{"embeddable":true,"href":"https:\/\/tvtecjundiai.com.br\/news\/wp-json\/wp\/v2\/comments?post=78879"}],"version-history":[{"count":4,"href":"https:\/\/tvtecjundiai.com.br\/news\/wp-json\/wp\/v2\/posts\/78879\/revisions"}],"predecessor-version":[{"id":78907,"href":"https:\/\/tvtecjundiai.com.br\/news\/wp-json\/wp\/v2\/posts\/78879\/revisions\/78907"}],"wp:featuredmedia":[{"embeddable":true,"href":"https:\/\/tvtecjundiai.com.br\/news\/wp-json\/wp\/v2\/media\/78880"}],"wp:attachment":[{"href":"https:\/\/tvtecjundiai.com.br\/news\/wp-json\/wp\/v2\/media?parent=78879"}],"wp:term":[{"taxonomy":"category","embeddable":true,"href":"https:\/\/tvtecjundiai.com.br\/news\/wp-json\/wp\/v2\/categories?post=78879"},{"taxonomy":"post_tag","embeddable":true,"href":"https:\/\/tvtecjundiai.com.br\/news\/wp-json\/wp\/v2\/tags?post=78879"}],"curies":[{"name":"wp","href":"https:\/\/api.w.org\/{rel}","templated":true}]}}