{"id":78887,"date":"2021-07-08T14:16:52","date_gmt":"2021-07-08T17:16:52","guid":{"rendered":"https:\/\/tvtecjundiai.com.br\/news\/?p=78887"},"modified":"2021-07-08T14:17:00","modified_gmt":"2021-07-08T17:17:00","slug":"portal-da-empregabilidade-tem-440-vagas-de-trabalho-disponiveis-nesta-quinta-feira-08","status":"publish","type":"post","link":"https:\/\/tvtecjundiai.com.br\/news\/2021\/07\/08\/portal-da-empregabilidade-tem-440-vagas-de-trabalho-disponiveis-nesta-quinta-feira-08\/","title":{"rendered":"Portal da Empregabilidade tem 440 vagas de trabalho dispon\u00edveis nesta quinta-feira (08)"},"content":{"rendered":"\n<p>A Prefeitura de Jundia\u00ed, por meio do Portal da Empregabilidade, tem dispon\u00edvel nesta quinta-feira (08), 440 vagas de trabalho. Entre as op\u00e7\u00f5es, est\u00e3o operador de vendas, fiscal de preven\u00e7\u00e3o e assistente de SAC.<\/p>\n\n\n\n<figure class=\"wp-block-image size-large\"><img loading=\"lazy\" decoding=\"async\" width=\"1140\" height=\"760\" src=\"https:\/\/tvtecjundiai.com.br\/news\/wp-content\/uploads\/sites\/2\/2018\/12\/carteira_de_trabalho.jpg\" alt=\"\" class=\"wp-image-22145\" srcset=\"https:\/\/tvtecjundiai.com.br\/news\/wp-content\/uploads\/sites\/2\/2018\/12\/carteira_de_trabalho.jpg 1140w, https:\/\/tvtecjundiai.com.br\/news\/wp-content\/uploads\/sites\/2\/2018\/12\/carteira_de_trabalho-300x200.jpg 300w, https:\/\/tvtecjundiai.com.br\/news\/wp-content\/uploads\/sites\/2\/2018\/12\/carteira_de_trabalho-768x512.jpg 768w\" sizes=\"auto, (max-width: 1140px) 100vw, 1140px\" \/><\/figure>\n\n\n\n<p>Confira algumas das vagas:<\/p>\n\n\n\n<p>08\/07 \u2013 OPERADOR VENDAS E SERVI\u00c7OS \u2013 PCD &#8211; C&amp;A MODAS AS \u2013 05 vagas<\/p>\n\n\n\n<p>08\/07 &#8211; FISCAL DE PREVEN\u00c7\u00c3O (SOMENTE MORADORES DE JUNDIA\u00cd) &#8211; ROLDAO ATACADISTA \u2013 19 vagas<\/p>\n\n\n\n<p>08\/07 &#8211; ASSISTENTE DE SAC (SOMENTE MORADORES DE JUNDIA\u00cd) &#8211; ROLDAO ATACADISTA \u2013 03 vagas<\/p>\n\n\n\n<p>08\/07 &#8211; FISCAL DE CAIXA (SOMENTE MORADORES DE JUNDIA\u00cd) &#8211; ROLDAO ATACADISTA \u2013 02 vagas<\/p>\n\n\n\n<p>08\/07 &#8211; AUX. DE A\u00c7OUGUE (SOMENTE MORADORES DE JUNDIA\u00cd) &#8211; ROLDAO ATACADISTA \u2013 04 vagas<\/p>\n\n\n\n<p>08\/07 &#8211; A\u00c7OUGUEIRO (SOMENTE MORADORES DE JUNDIA\u00cd) &#8211; ROLDAO ATACADISTA \u2013 04 vagas<\/p>\n\n\n\n<p>08\/07 &#8211; L\u00cdDER DE SETOR (SOMENTE MORADORES DE JUNDIA\u00cd) &#8211; ROLDAO ATACADISTA \u2013 06 vagas<\/p>\n\n\n\n<p>Para se candidatar, basta acessar o endere\u00e7o <a href=\"https:\/\/web.jundiai.sp.gov.br\/PMJ\/emprega\/Vaga\">https:\/\/web.jundiai.sp.gov.br\/PMJ\/emprega\/Vaga<\/a><\/p>\n\n\n\n<p><em>(Texto\/Imagem: Prefeitura de Jundia\u00ed)<\/em><\/p>\n","protected":false},"excerpt":{"rendered":"<p>Para se candidatar \u00e0s vagas, basta acessar o site da Prefeitura de Jundia\u00ed; h\u00e1 vagas para PCD<\/p>\n","protected":false},"author":28,"featured_media":22145,"comment_status":"closed","ping_status":"closed","sticky":false,"template":"","format":"standard","meta":{"footnotes":""},"categories":[8356,1],"tags":[],"class_list":["post-78887","post","type-post","status-publish","format-standard","has-post-thumbnail","hentry","category-jundiai","category-noticias"],"_links":{"self":[{"href":"https:\/\/tvtecjundiai.com.br\/news\/wp-json\/wp\/v2\/posts\/78887","targetHints":{"allow":["GET"]}}],"collection":[{"href":"https:\/\/tvtecjundiai.com.br\/news\/wp-json\/wp\/v2\/posts"}],"about":[{"href":"https:\/\/tvtecjundiai.com.br\/news\/wp-json\/wp\/v2\/types\/post"}],"author":[{"embeddable":true,"href":"https:\/\/tvtecjundiai.com.br\/news\/wp-json\/wp\/v2\/users\/28"}],"replies":[{"embeddable":true,"href":"https:\/\/tvtecjundiai.com.br\/news\/wp-json\/wp\/v2\/comments?post=78887"}],"version-history":[{"count":1,"href":"https:\/\/tvtecjundiai.com.br\/news\/wp-json\/wp\/v2\/posts\/78887\/revisions"}],"predecessor-version":[{"id":78888,"href":"https:\/\/tvtecjundiai.com.br\/news\/wp-json\/wp\/v2\/posts\/78887\/revisions\/78888"}],"wp:featuredmedia":[{"embeddable":true,"href":"https:\/\/tvtecjundiai.com.br\/news\/wp-json\/wp\/v2\/media\/22145"}],"wp:attachment":[{"href":"https:\/\/tvtecjundiai.com.br\/news\/wp-json\/wp\/v2\/media?parent=78887"}],"wp:term":[{"taxonomy":"category","embeddable":true,"href":"https:\/\/tvtecjundiai.com.br\/news\/wp-json\/wp\/v2\/categories?post=78887"},{"taxonomy":"post_tag","embeddable":true,"href":"https:\/\/tvtecjundiai.com.br\/news\/wp-json\/wp\/v2\/tags?post=78887"}],"curies":[{"name":"wp","href":"https:\/\/api.w.org\/{rel}","templated":true}]}}