{"id":78899,"date":"2021-07-08T15:55:29","date_gmt":"2021-07-08T18:55:29","guid":{"rendered":"https:\/\/tvtecjundiai.com.br\/news\/?p=78899"},"modified":"2021-07-08T15:55:35","modified_gmt":"2021-07-08T18:55:35","slug":"prefeito-de-jundiai-recebe-alunos-do-sesi-que-conquistaram-mundial-de-robotica","status":"publish","type":"post","link":"https:\/\/tvtecjundiai.com.br\/news\/2021\/07\/08\/prefeito-de-jundiai-recebe-alunos-do-sesi-que-conquistaram-mundial-de-robotica\/","title":{"rendered":"Prefeito de Jundia\u00ed recebe alunos do Sesi que conquistaram mundial de rob\u00f3tica"},"content":{"rendered":"\n<p>Alunos do Sesi S\u00e3o Camilo conquistaram a medalha de ouro no Campeonato Mundial de Rob\u00f3tica, ocorrido entre 24 e 27 junho, na Gr\u00e9cia, e disputado de forma virtual por causa da pandemia. Na manh\u00e3 desta quinta-feira (8), eles foram recebidos no Pa\u00e7o Municipal pelo prefeito Luiz Fernando Machado e outras autoridades e gestores municipais, em um encontro no qual relataram os desafios e o aprendizado colhido dessa experi\u00eancia \u00fanica.<\/p>\n\n\n\n<figure class=\"wp-block-image size-large\"><img loading=\"lazy\" decoding=\"async\" width=\"1200\" height=\"800\" src=\"https:\/\/tvtecjundiai.com.br\/news\/wp-content\/uploads\/sites\/2\/2021\/07\/visita_alunos_robotica_sesi-60-1200x800.jpg\" alt=\"\" class=\"wp-image-78900\" srcset=\"https:\/\/tvtecjundiai.com.br\/news\/wp-content\/uploads\/sites\/2\/2021\/07\/visita_alunos_robotica_sesi-60-1200x800.jpg 1200w, https:\/\/tvtecjundiai.com.br\/news\/wp-content\/uploads\/sites\/2\/2021\/07\/visita_alunos_robotica_sesi-60-300x200.jpg 300w, https:\/\/tvtecjundiai.com.br\/news\/wp-content\/uploads\/sites\/2\/2021\/07\/visita_alunos_robotica_sesi-60-768x512.jpg 768w, https:\/\/tvtecjundiai.com.br\/news\/wp-content\/uploads\/sites\/2\/2021\/07\/visita_alunos_robotica_sesi-60.jpg 1280w\" sizes=\"auto, (max-width: 1200px) 100vw, 1200px\" \/><figcaption>Alunos relataram a experi\u00eancia de todo o trabalho e da vit\u00f3ria em Campeonato Mundial de Rob\u00f3tica<\/figcaption><\/figure>\n\n\n\n<p>\u201cVoc\u00eas s\u00e3o fruto de um trabalho pensado a longo prazo, de sementes que foram plantadas antes, de investimento na educa\u00e7\u00e3o, o que sempre traz retorno para nossa sociedade. Est\u00e3o de parab\u00e9ns\u201d, disse Luiz Fernando. \u201cEm Jundia\u00ed, a prefeitura fez uma parceria com o Sesi e instalou um Fab Lab no Complexo Argos, com equipamentos de alta tecnologia para a popula\u00e7\u00e3o em geral. \u00c9 um avan\u00e7o importante dentro de nosso conceito de Escola Inovadora.\u201d<\/p>\n\n\n\n<p>Para o vice-prefeito, Gustavo Martinelli, um t\u00edtulo como esse projeta a imagem da cidade. \u201c\u00c9 um exemplo para todos os alunos, de escolas p\u00fablicas e privadas.\u201d<\/p>\n\n\n\n<p>O time vencedor chama-se Heroes e, segundo seu t\u00e9cnico, Rafael Mendes Pereira Capovila, no campeonato mundial os alunos foram avaliados em tr\u00eas \u00e1reas: o projeto de inova\u00e7\u00e3o, a miss\u00e3o do rob\u00f4 e o desenvolvimento do trabalho em equipe. \u201cDisputaram o campeonato mais de 200 equipes de 57 pa\u00edses\u201d.<\/p>\n\n\n\n<figure class=\"wp-block-image size-large\"><img loading=\"lazy\" decoding=\"async\" width=\"1200\" height=\"800\" src=\"https:\/\/tvtecjundiai.com.br\/news\/wp-content\/uploads\/sites\/2\/2021\/07\/visita_alunos_robotica_sesi-26-1200x800.jpg\" alt=\"\" class=\"wp-image-78901\" srcset=\"https:\/\/tvtecjundiai.com.br\/news\/wp-content\/uploads\/sites\/2\/2021\/07\/visita_alunos_robotica_sesi-26-1200x800.jpg 1200w, https:\/\/tvtecjundiai.com.br\/news\/wp-content\/uploads\/sites\/2\/2021\/07\/visita_alunos_robotica_sesi-26-300x200.jpg 300w, https:\/\/tvtecjundiai.com.br\/news\/wp-content\/uploads\/sites\/2\/2021\/07\/visita_alunos_robotica_sesi-26-768x512.jpg 768w, https:\/\/tvtecjundiai.com.br\/news\/wp-content\/uploads\/sites\/2\/2021\/07\/visita_alunos_robotica_sesi-26.jpg 1280w\" sizes=\"auto, (max-width: 1200px) 100vw, 1200px\" \/><figcaption>A jovem Evelyn destacou a import\u00e2ncia do aprendizado do trabalho em equipe e do ingl\u00eas fluente<\/figcaption><\/figure>\n\n\n\n<p>Um dos sete alunos da equipe Heroes, Evelyn Cristina Peres, 15 anos, acredita que o aprendizado recebido pela constru\u00e7\u00e3o desse projeto e pela conquista s\u00e3o v\u00e1lidos para todos os alunos, independente do que deseja para seu futuro. \u201cSomos estimulados a trabalhar em equipe e tivemos que desenvolver nosso ingl\u00eas de forma fluente para conversar com os avaliadores do campeonato\u201d.<\/p>\n\n\n\n<p>Tamb\u00e9m estiveram no encontro com os alunos do Sesi S\u00e3o Camilo o presidente da C\u00e2mara de Jundia\u00ed, Faouaz Taha, o vereador Adilson Roberto Pereira J\u00fanior e o gestor de Governo e Finan\u00e7as, Jos\u00e9 Antonio Parimoschi.<\/p>\n\n\n\n<p><em>(Texto\/Imagem: Prefeitura de Jundia\u00ed)<\/em><\/p>\n","protected":false},"excerpt":{"rendered":"<p>Alunos do Sesi S\u00e3o Camilo conquistaram a medalha de ouro no Campeonato Mundial de Rob\u00f3tica<\/p>\n","protected":false},"author":28,"featured_media":78902,"comment_status":"closed","ping_status":"closed","sticky":false,"template":"","format":"standard","meta":{"footnotes":""},"categories":[8356,1],"tags":[],"class_list":["post-78899","post","type-post","status-publish","format-standard","has-post-thumbnail","hentry","category-jundiai","category-noticias"],"_links":{"self":[{"href":"https:\/\/tvtecjundiai.com.br\/news\/wp-json\/wp\/v2\/posts\/78899","targetHints":{"allow":["GET"]}}],"collection":[{"href":"https:\/\/tvtecjundiai.com.br\/news\/wp-json\/wp\/v2\/posts"}],"about":[{"href":"https:\/\/tvtecjundiai.com.br\/news\/wp-json\/wp\/v2\/types\/post"}],"author":[{"embeddable":true,"href":"https:\/\/tvtecjundiai.com.br\/news\/wp-json\/wp\/v2\/users\/28"}],"replies":[{"embeddable":true,"href":"https:\/\/tvtecjundiai.com.br\/news\/wp-json\/wp\/v2\/comments?post=78899"}],"version-history":[{"count":1,"href":"https:\/\/tvtecjundiai.com.br\/news\/wp-json\/wp\/v2\/posts\/78899\/revisions"}],"predecessor-version":[{"id":78903,"href":"https:\/\/tvtecjundiai.com.br\/news\/wp-json\/wp\/v2\/posts\/78899\/revisions\/78903"}],"wp:featuredmedia":[{"embeddable":true,"href":"https:\/\/tvtecjundiai.com.br\/news\/wp-json\/wp\/v2\/media\/78902"}],"wp:attachment":[{"href":"https:\/\/tvtecjundiai.com.br\/news\/wp-json\/wp\/v2\/media?parent=78899"}],"wp:term":[{"taxonomy":"category","embeddable":true,"href":"https:\/\/tvtecjundiai.com.br\/news\/wp-json\/wp\/v2\/categories?post=78899"},{"taxonomy":"post_tag","embeddable":true,"href":"https:\/\/tvtecjundiai.com.br\/news\/wp-json\/wp\/v2\/tags?post=78899"}],"curies":[{"name":"wp","href":"https:\/\/api.w.org\/{rel}","templated":true}]}}